{"id":5110,"date":"2023-12-08T13:30:49","date_gmt":"2023-12-08T12:30:49","guid":{"rendered":"https:\/\/wordpress.nibis.de\/awobs\/?p=5110"},"modified":"2023-12-08T13:30:51","modified_gmt":"2023-12-08T12:30:51","slug":"tolle-leseleistung-beim-wettbewerb","status":"publish","type":"post","link":"https:\/\/wordpress.nibis.de\/awobs\/tolle-leseleistung-beim-wettbewerb\/","title":{"rendered":"Tolle Leseleistung beim Wettbewerb"},"content":{"rendered":"\n<p><strong>Ein gro\u00dfes Lob gab es von der Jury: Sechs Sch\u00fclerinnen und Sch\u00fcler traten zum Vorlesewettbewerb der 6. Klassen an und zeigten gro\u00dfes K\u00f6nnen.<\/strong> Es ging bei der Lesung im Kulturgut Ehmken Hoff darum, einen eigenen, vorbereiteten und einen fremden Text vor Publikum vorzutragen. Nun stehen die Schulsieger\/innen der Aller-Weser-Oberschule D\u00f6rverden fest: Anna (6b) sowie Carolina und Elias (beide 6c) \u00fcberzeugten die Jury am meisten. Herzlichen Gl\u00fcckwunsch! F\u00fcr alle Teilnehmer\/innen gab es Buchpreise.<\/p>\n\n\n\n<div class=\"wp-block-image\"><figure class=\"aligncenter size-large is-resized\"><img loading=\"lazy\" decoding=\"async\" src=\"https:\/\/wordpress.nibis.de\/awobs\/files\/2023\/12\/20231208_Vorlesewettbewerb-800x487.jpg\" alt=\"\" class=\"wp-image-5111\" width=\"800\" height=\"487\" srcset=\"https:\/\/wordpress.nibis.de\/awobs\/files\/2023\/12\/20231208_Vorlesewettbewerb-800x487.jpg 800w, https:\/\/wordpress.nibis.de\/awobs\/files\/2023\/12\/20231208_Vorlesewettbewerb-300x183.jpg 300w, https:\/\/wordpress.nibis.de\/awobs\/files\/2023\/12\/20231208_Vorlesewettbewerb-768x467.jpg 768w, https:\/\/wordpress.nibis.de\/awobs\/files\/2023\/12\/20231208_Vorlesewettbewerb-1536x934.jpg 1536w, https:\/\/wordpress.nibis.de\/awobs\/files\/2023\/12\/20231208_Vorlesewettbewerb-2048x1246.jpg 2048w\" sizes=\"auto, (max-width: 800px) 100vw, 800px\" \/><figcaption><strong>Teilnehmer\/innen und Jury bei der Siegerehrung vor Publikum &#8211; den Sch\u00fclerinnen und Sch\u00fclern des 6. Jahrgangs der Aller-Weser-Oberschule D\u00f6rverden.<\/strong><\/figcaption><\/figure><\/div>\n","protected":false},"excerpt":{"rendered":"","protected":false},"author":9194257,"featured_media":0,"comment_status":"closed","ping_status":"closed","sticky":false,"template":"","format":"standard","meta":{"footnotes":"","_members_access_role":[],"_members_access_error":""},"categories":[1],"tags":[],"class_list":["post-5110","post","type-post","status-publish","format-standard","hentry","category-allgemein"],"_links":{"self":[{"href":"https:\/\/wordpress.nibis.de\/awobs\/wp-json\/wp\/v2\/posts\/5110","targetHints":{"allow":["GET"]}}],"collection":[{"href":"https:\/\/wordpress.nibis.de\/awobs\/wp-json\/wp\/v2\/posts"}],"about":[{"href":"https:\/\/wordpress.nibis.de\/awobs\/wp-json\/wp\/v2\/types\/post"}],"author":[{"embeddable":true,"href":"https:\/\/wordpress.nibis.de\/awobs\/wp-json\/wp\/v2\/users\/9194257"}],"replies":[{"embeddable":true,"href":"https:\/\/wordpress.nibis.de\/awobs\/wp-json\/wp\/v2\/comments?post=5110"}],"version-history":[{"count":1,"href":"https:\/\/wordpress.nibis.de\/awobs\/wp-json\/wp\/v2\/posts\/5110\/revisions"}],"predecessor-version":[{"id":5112,"href":"https:\/\/wordpress.nibis.de\/awobs\/wp-json\/wp\/v2\/posts\/5110\/revisions\/5112"}],"wp:attachment":[{"href":"https:\/\/wordpress.nibis.de\/awobs\/wp-json\/wp\/v2\/media?parent=5110"}],"wp:term":[{"taxonomy":"category","embeddable":true,"href":"https:\/\/wordpress.nibis.de\/awobs\/wp-json\/wp\/v2\/categories?post=5110"},{"taxonomy":"post_tag","embeddable":true,"href":"https:\/\/wordpress.nibis.de\/awobs\/wp-json\/wp\/v2\/tags?post=5110"}],"curies":[{"name":"wp","href":"https:\/\/api.w.org\/{rel}","templated":true}]}}