{"id":5173,"date":"2024-03-12T11:08:20","date_gmt":"2024-03-12T10:08:20","guid":{"rendered":"https:\/\/wordpress.nibis.de\/awobs\/?p=5173"},"modified":"2024-03-12T11:08:32","modified_gmt":"2024-03-12T10:08:32","slug":"spanische-schuelerinnen-und-schueler-zu-gast-in-doerverden","status":"publish","type":"post","link":"https:\/\/wordpress.nibis.de\/awobs\/spanische-schuelerinnen-und-schueler-zu-gast-in-doerverden\/","title":{"rendered":"Spanische Sch\u00fclerinnen und Sch\u00fcler                    zu Gast in D\u00f6rverden"},"content":{"rendered":"\n<p><strong>Sch\u00fcleraustausch mit Spanien: Im Rahmen eines Erasmus-Projektes sind 15 Sch\u00fclerinnen und Sch\u00fcler aus Spanien zu Gast in der Aller-Weser-Oberschule D\u00f6rverden. Begleitet werden sie bei ihrem sechst\u00e4gigen Aufenthalt in Deutschland von zwei Lehrkr\u00e4ften aus Spanien. <\/strong><\/p>\n<p>Spanisch-Lehrerin Elena Pardo &#8211; t\u00e4tig an der D\u00f6rverdener Schule &#8211;\u00a0 freut sich besonders \u00fcber den Besuch aus Europa und koordiniert das Zusammentreffen mit den Jugendlichen in der Oberschule in D\u00f6rverden. Im Mittelpunkt des Treffens steht das gemeinsame Kennenlernen. Projektarbeit zum Vergleich beider L\u00e4nder &#8211; Schulsystem, Kultur, Traditionen &#8211; steht im Mittelpunkt. Ebenso sind Ausfl\u00fcge ins Klimahaus und Universum sowie Stadtbesichtigungen in Bremen und Bremerhaven geplant.<\/p>\n\n\n\n<figure class=\"wp-block-gallery has-nested-images columns-default is-cropped wp-block-gallery-1 is-layout-flex wp-block-gallery-is-layout-flex\">\n<figure class=\"wp-block-image size-large\"><img loading=\"lazy\" decoding=\"async\" width=\"800\" height=\"484\" data-id=\"5175\" src=\"https:\/\/wordpress.nibis.de\/awobs\/files\/2024\/03\/SpanischeSuS1-800x484.jpg\" alt=\"\" class=\"wp-image-5175\" srcset=\"https:\/\/wordpress.nibis.de\/awobs\/files\/2024\/03\/SpanischeSuS1-800x484.jpg 800w, https:\/\/wordpress.nibis.de\/awobs\/files\/2024\/03\/SpanischeSuS1-300x181.jpg 300w, https:\/\/wordpress.nibis.de\/awobs\/files\/2024\/03\/SpanischeSuS1-768x464.jpg 768w, https:\/\/wordpress.nibis.de\/awobs\/files\/2024\/03\/SpanischeSuS1.jpg 1280w\" sizes=\"auto, (max-width: 800px) 100vw, 800px\" \/><\/figure>\n\n\n\n<figure class=\"wp-block-image size-large\"><img loading=\"lazy\" decoding=\"async\" width=\"800\" height=\"432\" data-id=\"5177\" src=\"https:\/\/wordpress.nibis.de\/awobs\/files\/2024\/03\/SpanischeSuS2-800x432.jpg\" alt=\"\" class=\"wp-image-5177\" srcset=\"https:\/\/wordpress.nibis.de\/awobs\/files\/2024\/03\/SpanischeSuS2-800x432.jpg 800w, https:\/\/wordpress.nibis.de\/awobs\/files\/2024\/03\/SpanischeSuS2-300x162.jpg 300w, https:\/\/wordpress.nibis.de\/awobs\/files\/2024\/03\/SpanischeSuS2-768x415.jpg 768w, https:\/\/wordpress.nibis.de\/awobs\/files\/2024\/03\/SpanischeSuS2-1536x829.jpg 1536w, https:\/\/wordpress.nibis.de\/awobs\/files\/2024\/03\/SpanischeSuS2-2048x1105.jpg 2048w\" sizes=\"auto, (max-width: 800px) 100vw, 800px\" \/><\/figure>\n\n\n\n<figure class=\"wp-block-image size-large\"><img loading=\"lazy\" decoding=\"async\" width=\"800\" height=\"523\" data-id=\"5176\" src=\"https:\/\/wordpress.nibis.de\/awobs\/files\/2024\/03\/2024SpanischeSuS3-800x523.jpg\" alt=\"\" class=\"wp-image-5176\" srcset=\"https:\/\/wordpress.nibis.de\/awobs\/files\/2024\/03\/2024SpanischeSuS3-800x523.jpg 800w, https:\/\/wordpress.nibis.de\/awobs\/files\/2024\/03\/2024SpanischeSuS3-300x196.jpg 300w, https:\/\/wordpress.nibis.de\/awobs\/files\/2024\/03\/2024SpanischeSuS3-768x502.jpg 768w, https:\/\/wordpress.nibis.de\/awobs\/files\/2024\/03\/2024SpanischeSuS3-75x50.jpg 75w, https:\/\/wordpress.nibis.de\/awobs\/files\/2024\/03\/2024SpanischeSuS3.jpg 1280w\" sizes=\"auto, (max-width: 800px) 100vw, 800px\" \/><\/figure>\n\n\n\n<figure class=\"wp-block-image size-large\"><img loading=\"lazy\" decoding=\"async\" width=\"800\" height=\"394\" data-id=\"5174\" src=\"https:\/\/wordpress.nibis.de\/awobs\/files\/2024\/03\/20240310_SpanischeSuS4-800x394.jpg\" alt=\"\" class=\"wp-image-5174\" srcset=\"https:\/\/wordpress.nibis.de\/awobs\/files\/2024\/03\/20240310_SpanischeSuS4-800x394.jpg 800w, https:\/\/wordpress.nibis.de\/awobs\/files\/2024\/03\/20240310_SpanischeSuS4-300x148.jpg 300w, https:\/\/wordpress.nibis.de\/awobs\/files\/2024\/03\/20240310_SpanischeSuS4-768x378.jpg 768w, https:\/\/wordpress.nibis.de\/awobs\/files\/2024\/03\/20240310_SpanischeSuS4.jpg 1311w\" sizes=\"auto, (max-width: 800px) 100vw, 800px\" \/><\/figure>\n<\/figure>\n\n\n\n<p style=\"text-align: center\"><strong>Besuch aus Spanien: Neben Kennenlernen und Projektarbeit in der Schule unternehmen die Sch\u00fclerinnen und Sch\u00fcler unter Leitung von Elena Pardo auch Ausfl\u00fcge nach Bremen und Bremerhaven.<\/strong><\/p>\n","protected":false},"excerpt":{"rendered":"<p>Sch\u00fcleraustausch mit Spanien: Im Rahmen eines Erasmus-Projektes sind 15 Sch\u00fclerinnen und Sch\u00fcler aus Spanien zu Gast in der Aller-Weser-Oberschule D\u00f6rverden. Begleitet werden sie bei ihrem sechst\u00e4gigen Aufenthalt in Deutschland von zwei Lehrkr\u00e4ften aus Spanien. Spanisch-Lehrerin Elena Pardo &#8211; t\u00e4tig an der D\u00f6rverdener Schule &#8211;\u00a0 freut sich besonders \u00fcber den Besuch aus Europa und koordiniert das [&hellip;]<\/p>\n","protected":false},"author":9194257,"featured_media":0,"comment_status":"closed","ping_status":"closed","sticky":false,"template":"","format":"standard","meta":{"footnotes":""},"categories":[1],"tags":[],"class_list":["post-5173","post","type-post","status-publish","format-standard","hentry","category-allgemein"],"_links":{"self":[{"href":"https:\/\/wordpress.nibis.de\/awobs\/wp-json\/wp\/v2\/posts\/5173","targetHints":{"allow":["GET"]}}],"collection":[{"href":"https:\/\/wordpress.nibis.de\/awobs\/wp-json\/wp\/v2\/posts"}],"about":[{"href":"https:\/\/wordpress.nibis.de\/awobs\/wp-json\/wp\/v2\/types\/post"}],"author":[{"embeddable":true,"href":"https:\/\/wordpress.nibis.de\/awobs\/wp-json\/wp\/v2\/users\/9194257"}],"replies":[{"embeddable":true,"href":"https:\/\/wordpress.nibis.de\/awobs\/wp-json\/wp\/v2\/comments?post=5173"}],"version-history":[{"count":1,"href":"https:\/\/wordpress.nibis.de\/awobs\/wp-json\/wp\/v2\/posts\/5173\/revisions"}],"predecessor-version":[{"id":5178,"href":"https:\/\/wordpress.nibis.de\/awobs\/wp-json\/wp\/v2\/posts\/5173\/revisions\/5178"}],"wp:attachment":[{"href":"https:\/\/wordpress.nibis.de\/awobs\/wp-json\/wp\/v2\/media?parent=5173"}],"wp:term":[{"taxonomy":"category","embeddable":true,"href":"https:\/\/wordpress.nibis.de\/awobs\/wp-json\/wp\/v2\/categories?post=5173"},{"taxonomy":"post_tag","embeddable":true,"href":"https:\/\/wordpress.nibis.de\/awobs\/wp-json\/wp\/v2\/tags?post=5173"}],"curies":[{"name":"wp","href":"https:\/\/api.w.org\/{rel}","templated":true}]}}