{"id":539,"date":"2015-11-03T10:00:18","date_gmt":"2015-11-03T09:00:18","guid":{"rendered":"http:\/\/wordpress.nibis.de\/awobs\/?p=539"},"modified":"2015-11-24T13:59:23","modified_gmt":"2015-11-24T12:59:23","slug":"in-wenigen-minuten-waren-alle-draussen","status":"publish","type":"post","link":"https:\/\/wordpress.nibis.de\/awobs\/in-wenigen-minuten-waren-alle-draussen\/","title":{"rendered":"In wenigen Minuten waren alle drau\u00dfen"},"content":{"rendered":"<figure id=\"attachment_540\" aria-describedby=\"caption-attachment-540\" style=\"width: 374px\" class=\"wp-caption alignleft\"><img loading=\"lazy\" decoding=\"async\" class=\" wp-image-540\" src=\"http:\/\/wordpress.nibis.de\/awobs\/files\/2015\/11\/feueralarm.jpg\" alt=\"W\u00e4hrend des Feueralarms gruppierten sich die Klassen ordnungsgem\u00e4\u00df mit ihren Lehrkr\u00e4ften auf dem Schulhof.\" width=\"374\" height=\"374\" srcset=\"https:\/\/wordpress.nibis.de\/awobs\/files\/2015\/11\/feueralarm.jpg 600w, https:\/\/wordpress.nibis.de\/awobs\/files\/2015\/11\/feueralarm-150x150.jpg 150w, https:\/\/wordpress.nibis.de\/awobs\/files\/2015\/11\/feueralarm-300x300.jpg 300w\" sizes=\"auto, (max-width: 374px) 100vw, 374px\" \/><figcaption id=\"caption-attachment-540\" class=\"wp-caption-text\">W\u00e4hrend des Feueralarms gruppierten sich die Klassen ordnungsgem\u00e4\u00df mit ihren Lehrkr\u00e4ften auf dem Schulhof.<\/figcaption><\/figure>\n<p><strong>Feueralarm-\u00dcbung in der Aller-Weser-Oberschule<\/strong><\/p>\n<p style=\"text-align: justify\">Im Fr\u00fchnebel des 3. November fand eine Feueralarm-\u00dcbung in der Schule statt.<br \/>\nNur knapp f\u00fcnf Minuten \u2013 dann waren alle auf dem Schulhof.<br \/>\nDie Feueralarm-\u00dcbung an der Aller-Weser-Oberschule verlief am Dienstag in der zweiten Stunde geordnet und erfolgreich ab.<br \/>\nAlle haben sich richtig verhalten, im Klassenraum T\u00fcren und Fenster geschlossen, einen kurzen Fluchtweg nach drau\u00dfen gew\u00e4hlt und sich an der Sammelstelle auf dem Schulhof eingefunden. Schulleiter Kruse bedankte sich beim Kollegium und den Sch\u00fclerinnen und Sch\u00fclern f\u00fcr die aktive Mitarbeit.<\/p>\n","protected":false},"excerpt":{"rendered":"<p>Feueralarm-\u00dcbung in der Aller-Weser-Oberschule Im Fr\u00fchnebel des 3. November fand eine Feueralarm-\u00dcbung in der Schule statt. Nur knapp f\u00fcnf Minuten \u2013 dann waren alle auf dem Schulhof. Die Feueralarm-\u00dcbung an der Aller-Weser-Oberschule verlief am Dienstag in der zweiten Stunde geordnet und erfolgreich ab. Alle haben sich richtig verhalten, im Klassenraum T\u00fcren und Fenster geschlossen, einen [&hellip;]<\/p>\n","protected":false},"author":760,"featured_media":0,"comment_status":"closed","ping_status":"closed","sticky":false,"template":"","format":"standard","meta":{"footnotes":""},"categories":[52],"tags":[24,26,25,27],"class_list":["post-539","post","type-post","status-publish","format-standard","hentry","category-schulalltag","tag-feueralarm","tag-lehrer","tag-schueler","tag-uebung"],"_links":{"self":[{"href":"https:\/\/wordpress.nibis.de\/awobs\/wp-json\/wp\/v2\/posts\/539","targetHints":{"allow":["GET"]}}],"collection":[{"href":"https:\/\/wordpress.nibis.de\/awobs\/wp-json\/wp\/v2\/posts"}],"about":[{"href":"https:\/\/wordpress.nibis.de\/awobs\/wp-json\/wp\/v2\/types\/post"}],"author":[{"embeddable":true,"href":"https:\/\/wordpress.nibis.de\/awobs\/wp-json\/wp\/v2\/users\/760"}],"replies":[{"embeddable":true,"href":"https:\/\/wordpress.nibis.de\/awobs\/wp-json\/wp\/v2\/comments?post=539"}],"version-history":[{"count":5,"href":"https:\/\/wordpress.nibis.de\/awobs\/wp-json\/wp\/v2\/posts\/539\/revisions"}],"predecessor-version":[{"id":553,"href":"https:\/\/wordpress.nibis.de\/awobs\/wp-json\/wp\/v2\/posts\/539\/revisions\/553"}],"wp:attachment":[{"href":"https:\/\/wordpress.nibis.de\/awobs\/wp-json\/wp\/v2\/media?parent=539"}],"wp:term":[{"taxonomy":"category","embeddable":true,"href":"https:\/\/wordpress.nibis.de\/awobs\/wp-json\/wp\/v2\/categories?post=539"},{"taxonomy":"post_tag","embeddable":true,"href":"https:\/\/wordpress.nibis.de\/awobs\/wp-json\/wp\/v2\/tags?post=539"}],"curies":[{"name":"wp","href":"https:\/\/api.w.org\/{rel}","templated":true}]}}