{"id":6408,"date":"2026-04-28T14:22:53","date_gmt":"2026-04-28T12:22:53","guid":{"rendered":"https:\/\/wordpress.nibis.de\/awobs\/?p=6408"},"modified":"2026-04-28T14:27:02","modified_gmt":"2026-04-28T12:27:02","slug":"fortbildung-zum-einsatz-von-ipads-im-unterricht","status":"publish","type":"post","link":"https:\/\/wordpress.nibis.de\/awobs\/fortbildung-zum-einsatz-von-ipads-im-unterricht\/","title":{"rendered":"Fortbildung zum Einsatz von iPads im Unterricht"},"content":{"rendered":"\n<p data-start=\"67\" data-end=\"300\"><strong>Bald ist es so weit: Alle Sch\u00fclerinnen und Sch\u00fcler des 7. Jahrgangs erhalten leihweise ein iPad, um damit in der Schule lernen zu k\u00f6nnen. Schrittweise sollen anschlie\u00dfend alle Jahrg\u00e4nge mit digitalen Endger\u00e4ten ausgestattet werden.<\/strong><\/p>\n<p data-start=\"308\" data-end=\"591\">Um einen echten Mehrwert f\u00fcr das Lernen zu schaffen, Lern-Apps kennenzulernen, Ordnerstrukturen zu besprechen und Regeln f\u00fcr den Umgang mit den Ger\u00e4ten zu entwickeln, trafen sich die Lehrkr\u00e4fte der Aller-Weser-Oberschule D\u00f6rverden am Zukunftstag zu einer schulinternen Fortbildung.<\/p>\n<p data-start=\"599\" data-end=\"761\">Die P\u00e4dagoginnen und P\u00e4dagogen nutzten den Tag, um unter fachkundiger Anleitung und im gemeinsamen Austausch Erfahrungen zu teilen sowie neue Ideen zu entwickeln.<\/p>\n\n\n\n\n<div class=\"wp-block-image\">\n<figure class=\"aligncenter size-full\"><img loading=\"lazy\" decoding=\"async\" width=\"640\" height=\"480\" src=\"https:\/\/wordpress.nibis.de\/awobs\/files\/2026\/04\/2026_Schilf_iPads_Gruppenfoto.jpeg\" alt=\"\" class=\"wp-image-6410\" srcset=\"https:\/\/wordpress.nibis.de\/awobs\/files\/2026\/04\/2026_Schilf_iPads_Gruppenfoto.jpeg 640w, https:\/\/wordpress.nibis.de\/awobs\/files\/2026\/04\/2026_Schilf_iPads_Gruppenfoto-300x225.jpeg 300w, https:\/\/wordpress.nibis.de\/awobs\/files\/2026\/04\/2026_Schilf_iPads_Gruppenfoto-100x75.jpeg 100w\" sizes=\"auto, (max-width: 640px) 100vw, 640px\" \/><\/figure>\n<\/div>\n\n\n<p style=\"text-align: center\"><strong>&#8222;iPads im Unterricht&#8220; &#8211; so lautete das Thema einer Fortbildung des Kollegiums der Aller-Weser-Oberschule D\u00f6rverden.<\/strong><\/p>\n","protected":false},"excerpt":{"rendered":"<p>Bald ist es so weit: Alle Sch\u00fclerinnen und Sch\u00fcler des 7. Jahrgangs erhalten leihweise ein iPad, um damit in der Schule lernen zu k\u00f6nnen. Schrittweise sollen anschlie\u00dfend alle Jahrg\u00e4nge mit digitalen Endger\u00e4ten ausgestattet werden. Um einen echten Mehrwert f\u00fcr das Lernen zu schaffen, Lern-Apps kennenzulernen, Ordnerstrukturen zu besprechen und Regeln f\u00fcr den Umgang mit den [&hellip;]<\/p>\n","protected":false},"author":9194257,"featured_media":0,"comment_status":"closed","ping_status":"closed","sticky":false,"template":"","format":"standard","meta":{"footnotes":""},"categories":[1],"tags":[],"class_list":["post-6408","post","type-post","status-publish","format-standard","hentry","category-allgemein"],"_links":{"self":[{"href":"https:\/\/wordpress.nibis.de\/awobs\/wp-json\/wp\/v2\/posts\/6408","targetHints":{"allow":["GET"]}}],"collection":[{"href":"https:\/\/wordpress.nibis.de\/awobs\/wp-json\/wp\/v2\/posts"}],"about":[{"href":"https:\/\/wordpress.nibis.de\/awobs\/wp-json\/wp\/v2\/types\/post"}],"author":[{"embeddable":true,"href":"https:\/\/wordpress.nibis.de\/awobs\/wp-json\/wp\/v2\/users\/9194257"}],"replies":[{"embeddable":true,"href":"https:\/\/wordpress.nibis.de\/awobs\/wp-json\/wp\/v2\/comments?post=6408"}],"version-history":[{"count":3,"href":"https:\/\/wordpress.nibis.de\/awobs\/wp-json\/wp\/v2\/posts\/6408\/revisions"}],"predecessor-version":[{"id":6413,"href":"https:\/\/wordpress.nibis.de\/awobs\/wp-json\/wp\/v2\/posts\/6408\/revisions\/6413"}],"wp:attachment":[{"href":"https:\/\/wordpress.nibis.de\/awobs\/wp-json\/wp\/v2\/media?parent=6408"}],"wp:term":[{"taxonomy":"category","embeddable":true,"href":"https:\/\/wordpress.nibis.de\/awobs\/wp-json\/wp\/v2\/categories?post=6408"},{"taxonomy":"post_tag","embeddable":true,"href":"https:\/\/wordpress.nibis.de\/awobs\/wp-json\/wp\/v2\/tags?post=6408"}],"curies":[{"name":"wp","href":"https:\/\/api.w.org\/{rel}","templated":true}]}}