{"id":1081,"date":"2023-03-10T11:17:08","date_gmt":"2023-03-10T10:17:08","guid":{"rendered":"https:\/\/wordpress.nibis.de\/bm-news\/?p=1081"},"modified":"2023-06-30T12:04:15","modified_gmt":"2023-06-30T10:04:15","slug":"gutachten-der-staendigen-wissenschaftlichen-kommission-swk-basale-kompetenzen-vermitteln-bildungschancen-sichern-perspektiven-fuer-die-grundschule","status":"publish","type":"post","link":"https:\/\/wordpress.nibis.de\/bm-news\/gutachten-der-staendigen-wissenschaftlichen-kommission-swk-basale-kompetenzen-vermitteln-bildungschancen-sichern-perspektiven-fuer-die-grundschule\/","title":{"rendered":"Gutachten der St\u00e4ndigen Wissenschaftlichen Kommission (SWK) \u201eBasale Kompetenzen vermitteln \u2013 Bildungschancen sichern. Perspektiven f\u00fcr die Grundschule\u201c"},"content":{"rendered":"\n<p>Am 09.12.2022 wurde durch die St\u00e4ndige Wissenschaftliche Kommission (SWK) das Gutachten \u201eBasale Kompetenzen vermitteln \u2013 Bildungschancen sichern. Perspektiven f\u00fcr die Grundschule\u201c vorgestellt. Mit Blick auf die aktuellen Ergebnisse des IQB-Bildungstrends, welche ergaben, dass eine wachsende Zahl der Grundsch\u00fcler:innen die Mindeststandards in den F\u00e4chern Deutsch und Mathematik nicht erreicht, stellt die SWK die Diagnose und F\u00f6rderung grundlegender sprachlicher und mathematischer Kompetenzen in den Mittelpunkt des Gutachtens. <\/p>\n\n\n\n<p>Die Kommission sieht die aktuellen Befunde als Weckruf und verweist auf die Wichtigkeit der in der fr\u00fchkindlichen Bildung und der Grundschule erworbenen sprachlichen, mathematischen sowie sozial-emotionalen Kompetenzen. Diese legen den Grundstein f\u00fcr erfolgreiches Weiterlernen und stellen damit eine wichtige Grundlage f\u00fcr die individuelle Lebensplanung und die gesellschaftliche Partizipation dar. Basale Kompetenzen seien dabei als grundlegend f\u00fcr viele Lern- und Entwicklungsprozesse sowie als notwendige Voraussetzung f\u00fcr den Aufbau weiterer (fachlicher) Kompetenzen zu verstehen. Da diese im weiteren Bildungsverlauf lediglich unter gro\u00dfer Anstrengung aufgeholt werden k\u00f6nnten, sei es von besonderer Wichtigkeit, einen Fokus im Rahmen des Primarbereichs auf basale Kompetenzen zu legen. <\/p>\n\n\n\n<p>Von der SWK werden daher die folgenden Ma\u00dfnahmen empfohlen, welche in den kommenden Monaten und Jahren umgesetzt werden m\u00fcssen, damit Grundsch\u00fcler:innen basale Kompetenzen erlangen und Mindeststandards in der Grundschule sichergestellt werden.<br><br><\/p>\n\n\n\n<div class=\"h5p-iframe-wrapper\"><iframe id=\"h5p-iframe-13\" class=\"h5p-iframe\" data-content-id=\"13\" style=\"height:1px\" src=\"about:blank\" frameBorder=\"0\" scrolling=\"no\" title=\"SWK-Gutachten: Perspektiven f\u00fcr die Grundschule\"><\/iframe><\/div>\n\n\n\n<p class=\"has-small-font-size\"><em>Abbildung 1: Empfehlungen der SWK (Quelle: St\u00e4ndige Wissenschaftliche Kommission 2022, eigene Darstellung)<br><\/em><br><\/p>\n\n\n\n<h2 class=\"has-large-font-size wp-block-heading\">Quelle<\/h2>\n\n\n\n<p>St\u00e4ndige Wissenschaftliche Kommission (2022). <em>Basale Kompetenzen vermitteln \u2013 Bildungschancen sichern. Perspektiven f\u00fcr die Grundschule.<\/em> Gutachten der St\u00e4ndigen Wissenschaftlichen Kommission der Kultusministerkonferenz (SWK). Abzurufen unter&nbsp;<a rel=\"noreferrer noopener\" href=\"https:\/\/www.kmk.org\/fileadmin\/Dateien\/pdf\/KMK\/SWK\/2022\/SWK-2022-Gutachten_Grundschule.pdf\" target=\"_blank\">https:\/\/www.kmk.org\/fileadmin\/Dateien\/pdf\/KMK\/SWK\/2022\/SWK-2022-Gutachten_Grundschule.pdf<\/a><br><br><\/p>\n\n\n\n<h2 class=\"has-large-font-size wp-block-heading\">Links<\/h2>\n\n\n\n<p><a href=\"https:\/\/www.kmk.org\/fileadmin\/Dateien\/pdf\/KMK\/SWK\/2022\/SWK-2022-Gutachten_Grundschule_Zusammenfassung.pdf\" target=\"_blank\" rel=\"noreferrer noopener\">Zusammenfassung des Gutachtens<\/a><\/p>\n\n\n\n<p><a href=\"https:\/\/www.kmk.org\/kmk\/staendige-wissenschaftliche-kommission.html\" target=\"_blank\" rel=\"noreferrer noopener\">Weitergehende Informationen zur St\u00e4ndigen Wissenschaftlichen Kommission der Kultusministerkonferenz<\/a><\/p>\n","protected":false},"excerpt":{"rendered":"<p>Am 09.12.2022 wurde durch die St\u00e4ndige Wissenschaftliche Kommission (SWK) das Gutachten \u201eBasale Kompetenzen vermitteln \u2013 Bildungschancen sichern. Perspektiven f\u00fcr die Grundschule\u201c vorgestellt. Mit Blick auf die aktuellen Ergebnisse des IQB-Bildungstrends, welche ergaben, dass eine wachsende Zahl der Grundsch\u00fcler:innen die Mindeststandards in den F\u00e4chern Deutsch und Mathematik nicht erreicht, stellt die SWK die Diagnose und F\u00f6rderung [&hellip;]<\/p>\n","protected":false},"author":9194043,"featured_media":0,"comment_status":"closed","ping_status":"closed","sticky":false,"template":"","format":"standard","meta":{"footnotes":""},"categories":[1],"tags":[46,38,13,47,50,45],"class_list":["post-1081","post","type-post","status-publish","format-standard","hentry","category-news","tag-deutsch","tag-iqb-bildungstrend","tag-kompetenzniveau","tag-mathematik","tag-primarbereich","tag-swk"],"_links":{"self":[{"href":"https:\/\/wordpress.nibis.de\/bm-news\/wp-json\/wp\/v2\/posts\/1081","targetHints":{"allow":["GET"]}}],"collection":[{"href":"https:\/\/wordpress.nibis.de\/bm-news\/wp-json\/wp\/v2\/posts"}],"about":[{"href":"https:\/\/wordpress.nibis.de\/bm-news\/wp-json\/wp\/v2\/types\/post"}],"author":[{"embeddable":true,"href":"https:\/\/wordpress.nibis.de\/bm-news\/wp-json\/wp\/v2\/users\/9194043"}],"replies":[{"embeddable":true,"href":"https:\/\/wordpress.nibis.de\/bm-news\/wp-json\/wp\/v2\/comments?post=1081"}],"version-history":[{"count":18,"href":"https:\/\/wordpress.nibis.de\/bm-news\/wp-json\/wp\/v2\/posts\/1081\/revisions"}],"predecessor-version":[{"id":1313,"href":"https:\/\/wordpress.nibis.de\/bm-news\/wp-json\/wp\/v2\/posts\/1081\/revisions\/1313"}],"wp:attachment":[{"href":"https:\/\/wordpress.nibis.de\/bm-news\/wp-json\/wp\/v2\/media?parent=1081"}],"wp:term":[{"taxonomy":"category","embeddable":true,"href":"https:\/\/wordpress.nibis.de\/bm-news\/wp-json\/wp\/v2\/categories?post=1081"},{"taxonomy":"post_tag","embeddable":true,"href":"https:\/\/wordpress.nibis.de\/bm-news\/wp-json\/wp\/v2\/tags?post=1081"}],"curies":[{"name":"wp","href":"https:\/\/api.w.org\/{rel}","templated":true}]}}