{"id":1100,"date":"2023-03-10T11:22:00","date_gmt":"2023-03-10T10:22:00","guid":{"rendered":"https:\/\/wordpress.nibis.de\/bm-news\/?p=1100"},"modified":"2023-06-30T12:04:52","modified_gmt":"2023-06-30T10:04:52","slug":"empfehlungen-der-swk-zum-umgang-mit-dem-akuten-lehrkraeftemangel","status":"publish","type":"post","link":"https:\/\/wordpress.nibis.de\/bm-news\/empfehlungen-der-swk-zum-umgang-mit-dem-akuten-lehrkraeftemangel\/","title":{"rendered":"Stellungnahme der St\u00e4ndigen Wissenschaftlichen Kommission (SWK) \u201eEmpfehlungen zum Umgang mit dem akuten Lehrkr\u00e4ftemangel\u201c"},"content":{"rendered":"\n<p>Am 27. Januar 2023 hat die St\u00e4ndige Wissenschaftliche Kommission der Kultusministerkonferenz eine Stellungnahme mit dem Titel &#8222;Empfehlungen zum Umgang mit dem akuten Lehrkr\u00e4ftemangel&#8220; ver\u00f6ffentlicht. Die Autorinnen und Autoren weisen darin auf bestehende und zuk\u00fcnftige Herausforderungen in der Sicherstellung der Unterrichtsversorgung hin. Je nach Quelle ist davon auszugehen, dass in Deutschland im Jahr 2025 zwischen 25.000 und 70.000 Lehrkr\u00e4fte fehlen (vgl. S. 6). Dieser Mangel an qualifiziertem Personal verteilt sich ungleich auf die verschiedenen Schulformen, Unterrichtsf\u00e4cher und geografische Regionen, was bei der Planung und Umsetzung der Ma\u00dfnahmen beachtet werden muss. <\/p>\n\n\n\n<p>In der Stellungnahme wird zudem darauf eingegangen, dass ein Mangel an qualifizierten Lehrkr\u00e4ften negative Auswirkungen auf die Kompetenzentwicklung der Sch\u00fclerinnen und Sch\u00fcler hat. Dies ist z.B. f\u00fcr eine reduzierte Unterrichtszeit und Unterricht durch fachfremde Lehrkr\u00e4fte wissenschaftlich belegt (vgl. S. 7). In Verbindung mit den aktuellen Ergebnissen des IQB-Bildungstrends, die einen Kompetenzabfall bei den Sch\u00fclerinnen und Sch\u00fclern der Grundschule aufzeigen, wird deutlich wie dringend der Handlungsbedarf ist.<\/p>\n\n\n\n<p>Ziel sei es das Potenzial der qualifizierten Lehrkr\u00e4fte voll auszusch\u00f6pfen und &#8222;Ma\u00dfnahmen zur Senkung des Bedarfs an Lehrkr\u00e4ften zu implementieren&#8220; (S. 8), denn aufgrund der demografischen Entwicklung ist nicht von einem wesentlichen Anstieg neu ausgebildeter Lehrkr\u00e4fte auszugehen. Die Autorinnen und Autoren sind &#8222;sich bewusst, dass die [&#8230;] vorgeschlagenen Ma\u00dfnahmen eine zus\u00e4tzliche Belastung f\u00fcr Lehrkr\u00e4fte mit sich bringen&#8220; (S. 8). Demnach sind die Empfehlungen als zeitlich befristete akute Ma\u00dfnahmen zu betrachten.  <\/p>\n\n\n\n<p>Die sechs Empfehlungen betreffen die Aktivierung von Besch\u00e4ftigungsreserven, die Unterst\u00fctzung und Weiterqualifizierung qualifizierter Lehrkr\u00e4fte, sowie ihren flexibilisierten Einsatz. Daneben werden Ma\u00dfnahmen zur Gesundheitsf\u00f6rderung und im Bereich des Quer- und Seiteneinstiegs empfohlen. Insbesondere den letzten Aspekt wird die SWK in einem Gutachten zur Lehrkr\u00e4ftebildung ausf\u00fchrlicher betrachten. Dieses Gutachten soll im laufenden Jahr 2023 ver\u00f6ffentlicht werden<br><br><div class=\"h5p-iframe-wrapper\"><iframe id=\"h5p-iframe-14\" class=\"h5p-iframe\" data-content-id=\"14\" style=\"height:1px\" src=\"about:blank\" frameBorder=\"0\" scrolling=\"no\" title=\"SWK-Stellungnahme: Umgang mit dem akuten Lehrkr\u00e4ftemangel\"><\/iframe><\/div><\/p>\n\n\n\n<p class=\"has-small-font-size\"><em>Abbildung 1: Empfehlungen der SWK (Quelle: St\u00e4ndige Wissenschaftliche Kommission 2023, eigene Darstellung)<br><\/em><br><\/p>\n\n\n\n<h2 class=\"wp-block-heading\">Quelle<\/h2>\n\n\n\n<p>St\u00e4ndige Wissenschaftliche Kommission (2023). <em>Empfehlungen zum Umgang mit dem akuten Lehrkr\u00e4ftemangel.<\/em> Stellungnahme der St\u00e4ndigen Wissenschaftlichen Kommission der Kultusministerkonferenz (SWK). Abzurufen unter <a rel=\"noreferrer noopener\" href=\"https:\/\/www.kmk.org\/fileadmin\/Dateien\/pdf\/KMK\/SWK\/2023\/SWK-2023-Stellungnahme_Lehrkraeftemangel.pdf\" target=\"_blank\">www.kmk.org\/fileadmin\/Dateien\/pdf\/KMK\/SWK\/2023\/SWK-2023-Stellungnahme_Lehrkraeftemangel.pdf<\/a> <br><br><\/p>\n\n\n\n<h2 class=\"wp-block-heading\">Links<\/h2>\n\n\n\n<p><a rel=\"noreferrer noopener\" href=\"https:\/\/www.kmk.org\/kmk\/staendige-wissenschaftliche-kommission\/veroeffentlichungen.html\" target=\"_blank\">\u00dcbersicht der Ver\u00f6ffentlichungen der SWK <\/a><\/p>\n\n\n\n<p><a href=\"https:\/\/www.kmk.org\/kmk\/staendige-wissenschaftliche-kommission.html\" target=\"_blank\" rel=\"noreferrer noopener\">Weitergehende Informationen zur St\u00e4ndigen Wissenschaftlichen Kommission der Kultusministerkonferenz<\/a><\/p>\n","protected":false},"excerpt":{"rendered":"<p>Am 27. Januar 2023 hat die St\u00e4ndige Wissenschaftliche Kommission der Kultusministerkonferenz eine Stellungnahme mit dem Titel &#8222;Empfehlungen zum Umgang mit dem akuten Lehrkr\u00e4ftemangel&#8220; ver\u00f6ffentlicht. Die Autorinnen und Autoren weisen darin auf bestehende und zuk\u00fcnftige Herausforderungen in der Sicherstellung der Unterrichtsversorgung hin. Je nach Quelle ist davon auszugehen, dass in Deutschland im Jahr 2025 zwischen 25.000 [&hellip;]<\/p>\n","protected":false},"author":9194055,"featured_media":0,"comment_status":"closed","ping_status":"closed","sticky":false,"template":"","format":"standard","meta":{"footnotes":""},"categories":[1],"tags":[38,13,52,45,33],"class_list":["post-1100","post","type-post","status-publish","format-standard","hentry","category-news","tag-iqb-bildungstrend","tag-kompetenzniveau","tag-lehrkraeftemangel","tag-swk","tag-weiterbildung"],"_links":{"self":[{"href":"https:\/\/wordpress.nibis.de\/bm-news\/wp-json\/wp\/v2\/posts\/1100","targetHints":{"allow":["GET"]}}],"collection":[{"href":"https:\/\/wordpress.nibis.de\/bm-news\/wp-json\/wp\/v2\/posts"}],"about":[{"href":"https:\/\/wordpress.nibis.de\/bm-news\/wp-json\/wp\/v2\/types\/post"}],"author":[{"embeddable":true,"href":"https:\/\/wordpress.nibis.de\/bm-news\/wp-json\/wp\/v2\/users\/9194055"}],"replies":[{"embeddable":true,"href":"https:\/\/wordpress.nibis.de\/bm-news\/wp-json\/wp\/v2\/comments?post=1100"}],"version-history":[{"count":19,"href":"https:\/\/wordpress.nibis.de\/bm-news\/wp-json\/wp\/v2\/posts\/1100\/revisions"}],"predecessor-version":[{"id":1314,"href":"https:\/\/wordpress.nibis.de\/bm-news\/wp-json\/wp\/v2\/posts\/1100\/revisions\/1314"}],"wp:attachment":[{"href":"https:\/\/wordpress.nibis.de\/bm-news\/wp-json\/wp\/v2\/media?parent=1100"}],"wp:term":[{"taxonomy":"category","embeddable":true,"href":"https:\/\/wordpress.nibis.de\/bm-news\/wp-json\/wp\/v2\/categories?post=1100"},{"taxonomy":"post_tag","embeddable":true,"href":"https:\/\/wordpress.nibis.de\/bm-news\/wp-json\/wp\/v2\/tags?post=1100"}],"curies":[{"name":"wp","href":"https:\/\/api.w.org\/{rel}","templated":true}]}}