{"id":143,"date":"2021-07-05T09:45:40","date_gmt":"2021-07-05T07:45:40","guid":{"rendered":"https:\/\/wordpress.nibis.de\/bm-news\/?p=143"},"modified":"2023-02-23T14:29:44","modified_gmt":"2023-02-23T13:29:44","slug":"neps-corona-bericht-nr-2-vom-02-september-2020-erwerbsleben","status":"publish","type":"post","link":"https:\/\/wordpress.nibis.de\/bm-news\/neps-corona-bericht-nr-2-vom-02-september-2020-erwerbsleben\/","title":{"rendered":"Erwerbsleben: NEPS-Corona-Bericht Nr. 2 vom 02. September 2020"},"content":{"rendered":"<p>Der zweite Bericht zeigt, dass auch im Arbeitsleben Bildungsunterschiede w\u00e4hrend der Zeit der coronabedingten Einschr\u00e4nkungen eine gro\u00dfe Rolle spielten (vgl. Kleinert, B\u00e4chmann &amp; Zoch 2020). Mit niedrigerem Bildungsgrad verringert sich der Anteil von Erwerbst\u00e4tigen deutlich, die Zugang zum Homeoffice haben.<\/p>\n<p>Unterschiede im Arbeitsleben zeigen sich au\u00dferdem danach, ob Besch\u00e4ftigte in systemrelevanten Berufen arbeiten oder nicht, wobei Befragte mit niedriger oder mittlerer Qualifikation h\u00e4ufiger in systemrelevanten Berufen arbeiten als Hochqualifizierte.<\/p>\n<p>Kleinert, C., B\u00e4chmann, A.-C., Zoch, G. (2020). <em>Erwerbsleben in der Corona-Krise: Welche Rolle spielen Bildungsunterschiede? <\/em>NEPS Corona &amp; Bildung. Bericht 2.<\/p>\n","protected":false},"excerpt":{"rendered":"<p>Der zweite Bericht zeigt, dass auch im Arbeitsleben Bildungsunterschiede w\u00e4hrend der Zeit der coronabedingten Einschr\u00e4nkungen eine gro\u00dfe Rolle spielten (vgl. Kleinert, B\u00e4chmann &amp; Zoch 2020). Mit niedrigerem Bildungsgrad verringert sich der Anteil von Erwerbst\u00e4tigen deutlich, die Zugang zum Homeoffice haben. Unterschiede im Arbeitsleben zeigen sich au\u00dferdem danach, ob Besch\u00e4ftigte in systemrelevanten Berufen arbeiten oder nicht, [&hellip;]<\/p>\n","protected":false},"author":9193786,"featured_media":0,"comment_status":"closed","ping_status":"closed","sticky":false,"template":"","format":"standard","meta":{"footnotes":""},"categories":[1],"tags":[34,32],"class_list":["post-143","post","type-post","status-publish","format-standard","hentry","category-news","tag-neps","tag-pandemie"],"_links":{"self":[{"href":"https:\/\/wordpress.nibis.de\/bm-news\/wp-json\/wp\/v2\/posts\/143","targetHints":{"allow":["GET"]}}],"collection":[{"href":"https:\/\/wordpress.nibis.de\/bm-news\/wp-json\/wp\/v2\/posts"}],"about":[{"href":"https:\/\/wordpress.nibis.de\/bm-news\/wp-json\/wp\/v2\/types\/post"}],"author":[{"embeddable":true,"href":"https:\/\/wordpress.nibis.de\/bm-news\/wp-json\/wp\/v2\/users\/9193786"}],"replies":[{"embeddable":true,"href":"https:\/\/wordpress.nibis.de\/bm-news\/wp-json\/wp\/v2\/comments?post=143"}],"version-history":[{"count":4,"href":"https:\/\/wordpress.nibis.de\/bm-news\/wp-json\/wp\/v2\/posts\/143\/revisions"}],"predecessor-version":[{"id":257,"href":"https:\/\/wordpress.nibis.de\/bm-news\/wp-json\/wp\/v2\/posts\/143\/revisions\/257"}],"wp:attachment":[{"href":"https:\/\/wordpress.nibis.de\/bm-news\/wp-json\/wp\/v2\/media?parent=143"}],"wp:term":[{"taxonomy":"category","embeddable":true,"href":"https:\/\/wordpress.nibis.de\/bm-news\/wp-json\/wp\/v2\/categories?post=143"},{"taxonomy":"post_tag","embeddable":true,"href":"https:\/\/wordpress.nibis.de\/bm-news\/wp-json\/wp\/v2\/tags?post=143"}],"curies":[{"name":"wp","href":"https:\/\/api.w.org\/{rel}","templated":true}]}}