{"id":145,"date":"2021-07-05T09:40:08","date_gmt":"2021-07-05T07:40:08","guid":{"rendered":"https:\/\/wordpress.nibis.de\/bm-news\/?p=145"},"modified":"2023-02-23T14:30:30","modified_gmt":"2023-02-23T13:30:30","slug":"neps-corona-bericht-nr-3-vom-13-oktober-2020-kinderbetreuung","status":"publish","type":"post","link":"https:\/\/wordpress.nibis.de\/bm-news\/neps-corona-bericht-nr-3-vom-13-oktober-2020-kinderbetreuung\/","title":{"rendered":"Kinderbetreuung: NEPS-Corona-Bericht Nr. 3 vom 13. Oktober 2020"},"content":{"rendered":"<p>Der dritte Bericht r\u00fcckt die Frage in den Mittelpunkt, wie berufst\u00e4tige Eltern die Betreuung ihrer Kinder in den ersten Monaten der Pandemie umgesetzt haben (vgl. Zoch, B\u00e4chmann &amp; Vicari 2020).<\/p>\n<p>Abbildung 2 macht zum einen die zentrale Rolle der M\u00fctter in der Kinderbetreuung deutlich, die auch bei gleicher beruflicher Belastung h\u00e4ufiger allein betreuten als V\u00e4ter. Wenn V\u00e4ter in die Kinderbetreuung eingebunden waren, geschah dies h\u00e4ufig gemeinsam mit der Mutter oder unterst\u00fctzt von Dritten (mix).<\/p>\n<p>Der Einfluss beruflicher Bedingungen wie die T\u00e4tigkeit in einem systemrelevanten Beruf oder die M\u00f6glichkeit des Homeoffice auf die Kinderbetreuung unterscheidet sich also f\u00fcr M\u00e4nner und Frauen. Insgesamt brachten sich jedoch gerade Eltern, welche die M\u00f6glichkeit hatten von zuhause zu arbeiten, st\u00e4rker in die Betreuung ihrer Kinder ein. Wie in Bericht 2 ausgef\u00fchrt, h\u00e4ngt die M\u00f6glichkeit des Homeoffice mit dem Bildungshintergrund zusammen.<\/p>\n<p>Abbildung 2 zeigt zudem auf, dass fast jedes dritte Schulkind um die 14 Jahre w\u00e4hrend der Schulschlie\u00dfung unbeaufsichtigt war. Auch hier gilt es die Auswirkungen h\u00e4uslicher und famili\u00e4rer Bedingungen f\u00fcr das Distanzlernen vor dem Hintergrund sozialer Ungleichheiten n\u00e4her zu analysieren.<\/p>\n\n\n<figure class=\"wp-block-image size-large\"><img loading=\"lazy\" decoding=\"async\" width=\"591\" height=\"576\" src=\"https:\/\/wordpress.nibis.de\/bm-news\/files\/2021\/06\/Abbildung2.png\" alt=\"\" class=\"wp-image-146\" srcset=\"https:\/\/wordpress.nibis.de\/bm-news\/files\/2021\/06\/Abbildung2.png 591w, https:\/\/wordpress.nibis.de\/bm-news\/files\/2021\/06\/Abbildung2-300x292.png 300w\" sizes=\"auto, (max-width: 591px) 100vw, 591px\" \/><\/figure>\n\n\n<p>Abbildung 2: Betreuungsarrangements in Familien mit mindestens einem Schul- oder Kitakind | Angaben in Prozent, gewichtet<\/p>\n<p>Quelle: Zoch, B\u00e4chmann &amp; Vicari 2020, S. 2 (Nachbildung Abbildung 1)<\/p>\n<p>Zoch, G., B\u00e4chmann, A.-C., Vicari, B. (2020). <em>Kinderbetreuung in der Corona-Krise: Wer betreut, wenn Schulen und Kitas schlie\u00dfen? Wie der berufliche Alltag von erwerbst\u00e4tigen Eltern die Kinderbetreuung w\u00e4hrend des Lockdowns beeinflusst hat.<\/em> NEPS Corona &amp; Bildung. Bericht 3.<\/p>","protected":false},"excerpt":{"rendered":"<p>Der dritte Bericht r\u00fcckt die Frage in den Mittelpunkt, wie berufst\u00e4tige Eltern die Betreuung ihrer Kinder in den ersten Monaten der Pandemie umgesetzt haben (vgl. Zoch, B\u00e4chmann &amp; Vicari 2020). Abbildung 2 macht zum einen die zentrale Rolle der M\u00fctter in der Kinderbetreuung deutlich, die auch bei gleicher beruflicher Belastung h\u00e4ufiger allein betreuten als V\u00e4ter. [&hellip;]<\/p>\n","protected":false},"author":9193786,"featured_media":0,"comment_status":"closed","ping_status":"closed","sticky":false,"template":"","format":"standard","meta":{"footnotes":""},"categories":[1],"tags":[30,34,32],"class_list":["post-145","post","type-post","status-publish","format-standard","hentry","category-news","tag-fernunterricht","tag-neps","tag-pandemie"],"_links":{"self":[{"href":"https:\/\/wordpress.nibis.de\/bm-news\/wp-json\/wp\/v2\/posts\/145","targetHints":{"allow":["GET"]}}],"collection":[{"href":"https:\/\/wordpress.nibis.de\/bm-news\/wp-json\/wp\/v2\/posts"}],"about":[{"href":"https:\/\/wordpress.nibis.de\/bm-news\/wp-json\/wp\/v2\/types\/post"}],"author":[{"embeddable":true,"href":"https:\/\/wordpress.nibis.de\/bm-news\/wp-json\/wp\/v2\/users\/9193786"}],"replies":[{"embeddable":true,"href":"https:\/\/wordpress.nibis.de\/bm-news\/wp-json\/wp\/v2\/comments?post=145"}],"version-history":[{"count":2,"href":"https:\/\/wordpress.nibis.de\/bm-news\/wp-json\/wp\/v2\/posts\/145\/revisions"}],"predecessor-version":[{"id":258,"href":"https:\/\/wordpress.nibis.de\/bm-news\/wp-json\/wp\/v2\/posts\/145\/revisions\/258"}],"wp:attachment":[{"href":"https:\/\/wordpress.nibis.de\/bm-news\/wp-json\/wp\/v2\/media?parent=145"}],"wp:term":[{"taxonomy":"category","embeddable":true,"href":"https:\/\/wordpress.nibis.de\/bm-news\/wp-json\/wp\/v2\/categories?post=145"},{"taxonomy":"post_tag","embeddable":true,"href":"https:\/\/wordpress.nibis.de\/bm-news\/wp-json\/wp\/v2\/tags?post=145"}],"curies":[{"name":"wp","href":"https:\/\/api.w.org\/{rel}","templated":true}]}}