{"id":1671,"date":"2024-01-09T09:47:14","date_gmt":"2024-01-09T08:47:14","guid":{"rendered":"https:\/\/wordpress.nibis.de\/bm-news\/?p=1671"},"modified":"2025-10-20T10:36:01","modified_gmt":"2025-10-20T08:36:01","slug":"iqb-bildungstrend-2022-merkmale-und-qualifikation-der-befragten-lehrkraefte","status":"publish","type":"post","link":"https:\/\/wordpress.nibis.de\/bm-news\/iqb-bildungstrend-2022-merkmale-und-qualifikation-der-befragten-lehrkraefte\/","title":{"rendered":"IQB-Bildungstrend 2022: Merkmale und Qualifikation der befragten Lehrkr\u00e4fte"},"content":{"rendered":"\n<p>Im Rahmen des IQB-Bildungstrends 2022 wurden insbesondere vor dem Hintergrund des aktuellen Lehrkr\u00e4ftemangels Aspekte der Ausbildung von Deutsch- und Englischlehrkr\u00e4ften erhoben. Im Folgenden werden zun\u00e4chst die wichtigsten Ergebnisse zu demografischen Merkmalen und anschlie\u00dfend zur Qualifikation von Lehrkr\u00e4ften in den F\u00e4chern Deutsch und Englisch zusammengefasst dargestellt. Die Befragungsergebnisse sind nicht repr\u00e4sentativ.<\/p>\n\n\n\n<h2 class=\"wp-block-heading\">Demografische Merkmale<\/h2>\n\n\n\n<p>F\u00fcr Niedersachsen liegen Daten von 119 Lehrkr\u00e4ften der am IQB-Bildungstrend 2022 teilnehmenden Klassen f\u00fcr das Fach Deutsch und von 122 Lehrkr\u00e4ften f\u00fcr das Fach Englisch vor. Der <strong>Anteil an weiblichen Lehrkr\u00e4ften<\/strong> liegt mit 68 % (Deutsch) bzw. 71 % (Englisch) in Niedersachen knapp unter dem Bundesdurchschnitt von 72 % (Deutsch) bzw. 75 % (Englisch). Das <strong>Durchschnittsalter<\/strong> der befragten Lehrkr\u00e4fte in Niedersachsen liegt knapp unter dem Bundesdurchschnitt. Im Fach Englisch f\u00e4llt der Anteil der j\u00fcngsten Altersgruppe jedoch mit rund 3 % \u2013 neben Berlin \u2013 in Niedersachsen am geringsten aus. Ein Vergleich der IQB-Bildungstrends 2015 und 2022 zeigt, dass das Durchschnittsalter der befragten Lehrkr\u00e4fte in Deutschland insgesamt <strong>gesunken<\/strong> ist.<\/p>\n\n\n\n<h2 class=\"wp-block-heading\">Qualifikation von Deutsch- und Englischlehrkr\u00e4ften<\/h2>\n\n\n\n<p>Laut den Angaben der befragten Lehrkr\u00e4fte, welche die am IQB-Bildungstrend 2022 teilnehmenden Schulklassen im Fach Deutsch und\/ oder Englisch unterrichten, verf\u00fcgt ein entscheidender Anteil der Lehrkr\u00e4fte <strong>nicht \u00fcber eine Lehrbef\u00e4higung im jeweiligen Fach<\/strong>. Im Rahmen der Befragung wurde eine Unterscheidung vorgenommen zwischen fachfremd unterrichtenden Lehrkr\u00e4ften und nicht traditionell ausgebildeten Lehrkr\u00e4ften. Im Fach Deutsch liegt der Anteil <strong>fachfremd unterrichtender<\/strong> Lehrkr\u00e4fte bundesweit bei rund 14 %, im Fach Englisch bei knapp 12 %. Die Anteile sind damit deutlich h\u00f6her als im IQB-Bildungstrend 2015 (jeweils rund 6 %). Der Anteil der <strong>nicht traditionell ausgebildeten<\/strong> Lehrkr\u00e4fte im IQB-Bildungstrend 2022 ist sehr gering: im Fach Deutsch liegt der Anteil bei rund 2 % der Lehrkr\u00e4fte (Quereinsteigende) sowie bei rund 1 % (Seiteneinsteigende). Im Fach Englisch liegt der Anteil bei rund 3 % der Lehrkr\u00e4fte (Quereinsteigende) sowie bei rund 2 % (Seiteneinsteigende).<\/p>\n\n\n\n<p>Es ergeben sich aus den Befragungsergebnissen f\u00fcr Deutschland insgesamt keine Hinweise darauf, dass fachfremder Unterricht h\u00e4ufiger an Schulen in schwierigen Lagen stattfindet, jedoch zeigt sich eine ungleiche Verteilung \u00fcber die Schularten. Sowohl beim IQB-Bildungstrend 2015 als auch 2022 sind die Anteile der fachfremd unterrichtenden sowie der nicht traditionell ausgebildeten Lehrkr\u00e4fte an nichtgymnasialen Schulen deutlich h\u00f6her als an Gymnasien.<\/p>\n\n\n\n<h2 class=\"wp-block-heading\">Zusammenh\u00e4nge zwischen der beruflichen Qualifikation von Lehrkr\u00e4ften und den erreichten Kompetenzen der Sch\u00fclerinnen und Sch\u00fcler<\/h2>\n\n\n\n<p>Im Fach Deutsch zeigen sich keine signifikanten Leistungsunterschiede zwischen Sch\u00fclerinnen und Sch\u00fclern, die von einer fachad\u00e4quat eingesetzten Lehrkraft unterrichtet wurden und Sch\u00fclerinnen und Sch\u00fclern aus Klassen, in denen eine fachfremd unterrichtende Lehrkraft eingesetzt wurde. Im Fach <strong>Englisch<\/strong> zeigen sich demgegen\u00fcber <strong>signifikant negative Zusammenh\u00e4nge<\/strong> zwischen fachfremd erteiltem Unterricht und den von den Jugendlichen erreichten Kompetenzen an nichtgymnasialen Schulen.<\/p>\n\n\n\n<h2 class=\"wp-block-heading\">Zufriedenheit der Lehrkr\u00e4fte<\/h2>\n\n\n\n<p>Die im IQB-Bildungstrend 2022 befragten Lehrkr\u00e4fte haben \u2013 unabh\u00e4ngig von ihrer Qualifikation \u2013 eine \u00fcberaus positive Einstellung zu ihrer T\u00e4tigkeit als Lehrkraft. Sie \u00e4u\u00dfern insgesamt eine hohe Zufriedenheit mit ihrer Berufswahl und einen gro\u00dfen Enthusiasmus f\u00fcr das Unterrichten.<\/p>\n\n\n\n<h2 class=\"wp-block-heading\">Die Ergebnisse des IQB-Bildungstrends 2022 im Kurzfilm <\/h2>\n\n\n\n<p>Erg\u00e4nzend zu diesen ausgew\u00e4hlten Ergbnissen m\u00f6chten wir Sie gerne auf das folgende Video hinweisen. Der wissenschaftliche Leiter des IQB-Bildungstrends, Dr. Stefan Schipolowski, pr\u00e4sentiert darin die Funktion, die Durchf\u00fchrung sowie die Ergebnisse des IQB-Bildungstrends 2022:<\/p>\n\n\n\n<figure class=\"wp-block-image size-large\"><a href=\"https:\/\/box.hu-berlin.de\/f\/cf2345742ed7416280da\/\" target=\"_blank\" rel=\"noopener\"><img loading=\"lazy\" decoding=\"async\" width=\"1024\" height=\"576\" src=\"https:\/\/wordpress.nibis.de\/bm-news\/files\/2024\/01\/IQB-BT-2022_Film_Verlinkung-1024x576.png\" alt=\"\" class=\"wp-image-1674\" srcset=\"https:\/\/wordpress.nibis.de\/bm-news\/files\/2024\/01\/IQB-BT-2022_Film_Verlinkung-1024x576.png 1024w, https:\/\/wordpress.nibis.de\/bm-news\/files\/2024\/01\/IQB-BT-2022_Film_Verlinkung-300x169.png 300w, https:\/\/wordpress.nibis.de\/bm-news\/files\/2024\/01\/IQB-BT-2022_Film_Verlinkung-768x432.png 768w, https:\/\/wordpress.nibis.de\/bm-news\/files\/2024\/01\/IQB-BT-2022_Film_Verlinkung-1536x864.png 1536w, https:\/\/wordpress.nibis.de\/bm-news\/files\/2024\/01\/IQB-BT-2022_Film_Verlinkung.png 1575w\" sizes=\"auto, (max-width: 1024px) 100vw, 1024px\" \/><\/a><\/figure>\n\n\n\n<h2 class=\"wp-block-heading\">Quelle<\/h2>\n\n\n\n<p>Stanat, P., Schipolowski, S., Schneider, R., Weirich, S., Henschel, S. &amp; Sachse K. A. (Hrsg.) (2023). <a href=\"https:\/\/www.iqb.hu-berlin.de\/bt\/BT2022\/Bericht\/\">IQB-Bildungstrend 2022. Sprachliche Kompetenzen am Ende der 9. Jahrgangsstufe im dritten L\u00e4ndervergleich.<\/a> M\u00fcnster: Waxmann.<\/p>\n\n\n\n<h2 class=\"wp-block-heading\">Links<\/h2>\n\n\n\n<p>Weitere Informationen zum IQB-Bildungstrend 2022 finden Sie <a href=\"https:\/\/www.iqb.hu-berlin.de\/de\/schule\/sekundarstufe-i\/bildungstrend\/2022\/\">hier<\/a>.<\/p>\n","protected":false},"excerpt":{"rendered":"<p>Im Rahmen des IQB-Bildungstrends 2022 wurden insbesondere vor dem Hintergrund des aktuellen Lehrkr\u00e4ftemangels Aspekte der Ausbildung von Deutsch- und Englischlehrkr\u00e4ften erhoben. Im Folgenden werden zun\u00e4chst die wichtigsten Ergebnisse zu demografischen Merkmalen und anschlie\u00dfend zur Qualifikation von Lehrkr\u00e4ften in den F\u00e4chern Deutsch und Englisch zusammengefasst dargestellt. Die Befragungsergebnisse sind nicht repr\u00e4sentativ. Demografische Merkmale F\u00fcr Niedersachsen liegen [&hellip;]<\/p>\n","protected":false},"author":9194055,"featured_media":0,"comment_status":"closed","ping_status":"closed","sticky":false,"template":"","format":"standard","meta":{"footnotes":""},"categories":[1],"tags":[46,48,38,13,42,51,44],"class_list":["post-1671","post","type-post","status-publish","format-standard","hentry","category-news","tag-deutsch","tag-englisch","tag-iqb-bildungstrend","tag-kompetenzniveau","tag-niedersachsen","tag-sekundarbereich","tag-soziale-ungleichheit"],"_links":{"self":[{"href":"https:\/\/wordpress.nibis.de\/bm-news\/wp-json\/wp\/v2\/posts\/1671","targetHints":{"allow":["GET"]}}],"collection":[{"href":"https:\/\/wordpress.nibis.de\/bm-news\/wp-json\/wp\/v2\/posts"}],"about":[{"href":"https:\/\/wordpress.nibis.de\/bm-news\/wp-json\/wp\/v2\/types\/post"}],"author":[{"embeddable":true,"href":"https:\/\/wordpress.nibis.de\/bm-news\/wp-json\/wp\/v2\/users\/9194055"}],"replies":[{"embeddable":true,"href":"https:\/\/wordpress.nibis.de\/bm-news\/wp-json\/wp\/v2\/comments?post=1671"}],"version-history":[{"count":8,"href":"https:\/\/wordpress.nibis.de\/bm-news\/wp-json\/wp\/v2\/posts\/1671\/revisions"}],"predecessor-version":[{"id":2159,"href":"https:\/\/wordpress.nibis.de\/bm-news\/wp-json\/wp\/v2\/posts\/1671\/revisions\/2159"}],"wp:attachment":[{"href":"https:\/\/wordpress.nibis.de\/bm-news\/wp-json\/wp\/v2\/media?parent=1671"}],"wp:term":[{"taxonomy":"category","embeddable":true,"href":"https:\/\/wordpress.nibis.de\/bm-news\/wp-json\/wp\/v2\/categories?post=1671"},{"taxonomy":"post_tag","embeddable":true,"href":"https:\/\/wordpress.nibis.de\/bm-news\/wp-json\/wp\/v2\/tags?post=1671"}],"curies":[{"name":"wp","href":"https:\/\/api.w.org\/{rel}","templated":true}]}}