{"id":452,"date":"2021-11-26T14:23:30","date_gmt":"2021-11-26T13:23:30","guid":{"rendered":"https:\/\/wordpress.nibis.de\/campegym\/?p=452"},"modified":"2022-02-16T10:39:50","modified_gmt":"2022-02-16T09:39:50","slug":"bild-des-monats-november","status":"publish","type":"post","link":"https:\/\/wordpress.nibis.de\/campegym\/2021\/11\/26\/bild-des-monats-november\/","title":{"rendered":"Bild des Monats November"},"content":{"rendered":"\n<p>Die Sch\u00fclerzeitung war unterwegs und hat nach dem Bild des Monats am Campe gesucht. Hier ist die Nachwuchsk\u00fcnstlerin Johanna P. im Interview:<\/p>\n\n\n\n<figure class=\"wp-block-image size-full is-style-default\"><img loading=\"lazy\" decoding=\"async\" width=\"1024\" height=\"760\" src=\"https:\/\/wordpress.nibis.de\/campegym\/files\/2021\/11\/51BE70EB-B03A-4701-A393-A4D4C08693A4-e1639077609594.jpeg\" alt=\"\" class=\"wp-image-453\" srcset=\"https:\/\/wordpress.nibis.de\/campegym\/files\/2021\/11\/51BE70EB-B03A-4701-A393-A4D4C08693A4-e1639077609594.jpeg 1024w, https:\/\/wordpress.nibis.de\/campegym\/files\/2021\/11\/51BE70EB-B03A-4701-A393-A4D4C08693A4-e1639077609594-300x223.jpeg 300w, https:\/\/wordpress.nibis.de\/campegym\/files\/2021\/11\/51BE70EB-B03A-4701-A393-A4D4C08693A4-e1639077609594-768x570.jpeg 768w\" sizes=\"auto, (max-width: 1024px) 100vw, 1024px\" \/><figcaption>Johanna P, 14 Jahre<\/figcaption><\/figure>\n\n\n\n<p>1. Wie hast du das Zeichnen\/ Malen gelernt?<\/p>\n<p>Ich brachte mir das Zeichnen und Malen alleine bei. Ich machte einfach immer weiter bis ich zu dem K\u00f6nnen kam, welches ich heute besitze. Nat\u00fcrlich wird das genauso weitergehen. Je mehr man \u00fcbt, desto besser wird man.<\/p>\n<p>&nbsp;<\/p>\n\n\n\n<!--more-->\n\n\n\n<p>2. Seit wann zeichnest\/ malst du ?<\/p>\n<p>Ich habe schon seit dem Kindergarten gezeichnet, aktiv tat ich es aber ab so ca. 7 Jahren.<\/p>\n<p>&nbsp;3. Was ist dein Tipp f\u00fcr andere Maler*innen ?<\/p>\n<p>Alle Maler*innen sollten ihr Vertrauen mehr in \u00dcbung und Arbeit stecken, anstatt sich auf Talent auszuruhen. Das eigene kreative und k\u00fcnstlerische K\u00f6nnen ist immer erweiterbar und niemals am Limit. Das \u00dcben neuer Methoden, Kunststile, oder Hilfsmittel, wird immer die eigene Kunst etwas ausweiten und ein St\u00fcck weiterbringen.<\/p>\n<p>Interview von Martha H.<\/p>\n","protected":false},"excerpt":{"rendered":"<p>Die Sch\u00fclerzeitung war unterwegs und hat nach dem Bild des Monats am Campe gesucht. Hier ist die Nachwuchsk\u00fcnstlerin Johanna P. im Interview: 1. Wie hast du das Zeichnen\/ Malen gelernt? Ich brachte mir das Zeichnen und Malen alleine bei. Ich machte einfach immer weiter bis ich zu dem K\u00f6nnen kam, welches ich heute besitze. Nat\u00fcrlich [&hellip;]<\/p>\n","protected":false},"author":9193570,"featured_media":453,"comment_status":"closed","ping_status":"closed","sticky":false,"template":"","format":"standard","meta":{"footnotes":""},"categories":[20],"tags":[],"class_list":["post-452","post","type-post","status-publish","format-standard","has-post-thumbnail","hentry","category-bild-des-monats"],"_links":{"self":[{"href":"https:\/\/wordpress.nibis.de\/campegym\/wp-json\/wp\/v2\/posts\/452","targetHints":{"allow":["GET"]}}],"collection":[{"href":"https:\/\/wordpress.nibis.de\/campegym\/wp-json\/wp\/v2\/posts"}],"about":[{"href":"https:\/\/wordpress.nibis.de\/campegym\/wp-json\/wp\/v2\/types\/post"}],"author":[{"embeddable":true,"href":"https:\/\/wordpress.nibis.de\/campegym\/wp-json\/wp\/v2\/users\/9193570"}],"replies":[{"embeddable":true,"href":"https:\/\/wordpress.nibis.de\/campegym\/wp-json\/wp\/v2\/comments?post=452"}],"version-history":[{"count":5,"href":"https:\/\/wordpress.nibis.de\/campegym\/wp-json\/wp\/v2\/posts\/452\/revisions"}],"predecessor-version":[{"id":516,"href":"https:\/\/wordpress.nibis.de\/campegym\/wp-json\/wp\/v2\/posts\/452\/revisions\/516"}],"wp:featuredmedia":[{"embeddable":true,"href":"https:\/\/wordpress.nibis.de\/campegym\/wp-json\/wp\/v2\/media\/453"}],"wp:attachment":[{"href":"https:\/\/wordpress.nibis.de\/campegym\/wp-json\/wp\/v2\/media?parent=452"}],"wp:term":[{"taxonomy":"category","embeddable":true,"href":"https:\/\/wordpress.nibis.de\/campegym\/wp-json\/wp\/v2\/categories?post=452"},{"taxonomy":"post_tag","embeddable":true,"href":"https:\/\/wordpress.nibis.de\/campegym\/wp-json\/wp\/v2\/tags?post=452"}],"curies":[{"name":"wp","href":"https:\/\/api.w.org\/{rel}","templated":true}]}}