{"id":462,"date":"2021-11-26T15:09:00","date_gmt":"2021-11-26T14:09:00","guid":{"rendered":"https:\/\/wordpress.nibis.de\/campegym\/?p=462"},"modified":"2021-11-26T15:09:02","modified_gmt":"2021-11-26T14:09:02","slug":"weihnachten-am-campe","status":"publish","type":"post","link":"https:\/\/wordpress.nibis.de\/campegym\/2021\/11\/26\/weihnachten-am-campe\/","title":{"rendered":"Weihnachten am Campe"},"content":{"rendered":"\n<div class=\"wp-block-image is-style-default\"><figure class=\"aligncenter size-large is-resized\"><img loading=\"lazy\" decoding=\"async\" src=\"https:\/\/wordpress.nibis.de\/campegym\/files\/2021\/11\/6E25B90A-B15E-4967-91E3-4C4EDEA62D64-643x1024.jpeg\" alt=\"\" class=\"wp-image-464\" width=\"365\" height=\"582\" srcset=\"https:\/\/wordpress.nibis.de\/campegym\/files\/2021\/11\/6E25B90A-B15E-4967-91E3-4C4EDEA62D64-643x1024.jpeg 643w, https:\/\/wordpress.nibis.de\/campegym\/files\/2021\/11\/6E25B90A-B15E-4967-91E3-4C4EDEA62D64-188x300.jpeg 188w, https:\/\/wordpress.nibis.de\/campegym\/files\/2021\/11\/6E25B90A-B15E-4967-91E3-4C4EDEA62D64-768x1223.jpeg 768w, https:\/\/wordpress.nibis.de\/campegym\/files\/2021\/11\/6E25B90A-B15E-4967-91E3-4C4EDEA62D64-964x1536.jpeg 964w, https:\/\/wordpress.nibis.de\/campegym\/files\/2021\/11\/6E25B90A-B15E-4967-91E3-4C4EDEA62D64-1286x2048.jpeg 1286w, https:\/\/wordpress.nibis.de\/campegym\/files\/2021\/11\/6E25B90A-B15E-4967-91E3-4C4EDEA62D64-scaled.jpeg 1607w\" sizes=\"auto, (max-width: 365px) 100vw, 365px\" \/><figcaption>Der Weihnachtsbaum beim Haupteingang<\/figcaption><\/figure><\/div>\n\n\n\n<p>Nun wird auch am Campe die Weihnachtszeit eingel\u00e4utet. Am Freitag, dem 26.11.2021, wurde vor dem Lehrerzimmer im Campe I ein gro\u00dfer Weihnachtsbaum geschm\u00fcckt. Der Schmuck wurde teilweise gespendet. Der Baum ist mit einer Lichterkette und mit Kugeln geschm\u00fcckt. Unser Baum wurde mit viel Hilfe, Spa\u00df und Herrn Ivers versch\u00f6nert. Ungef\u00e4hr 20 bis 30 Minuten hat es gedauert ihn zu schm\u00fccken, daf\u00fcr ist er jetzt aber auch sch\u00f6n bunt. Ab Montag spielen dann auch wieder unsere Adventsbl\u00e4ser. Darauf freuen wir uns sehr.&nbsp;<\/p>\n\n\n\n<p>Sch\u00f6ne Vorweihnachtszeit w\u00fcnscht die Redaktion der Campress.<\/p>\n\n\n\n<p>Laurin und Silas W.<\/p>\n","protected":false},"excerpt":{"rendered":"<p>Nun wird auch am Campe die Weihnachtszeit eingel\u00e4utet. Am Freitag, dem 26.11.2021, wurde vor dem Lehrerzimmer im Campe I ein gro\u00dfer Weihnachtsbaum geschm\u00fcckt. Der Schmuck wurde teilweise gespendet. Der Baum ist mit einer Lichterkette und mit Kugeln geschm\u00fcckt. Unser Baum wurde mit viel Hilfe, Spa\u00df und Herrn Ivers versch\u00f6nert. Ungef\u00e4hr 20 bis 30 Minuten hat [&hellip;]<\/p>\n","protected":false},"author":9193570,"featured_media":463,"comment_status":"closed","ping_status":"closed","sticky":false,"template":"","format":"standard","meta":{"footnotes":""},"categories":[17],"tags":[],"class_list":["post-462","post","type-post","status-publish","format-standard","has-post-thumbnail","hentry","category-neues-aus-der-schule"],"_links":{"self":[{"href":"https:\/\/wordpress.nibis.de\/campegym\/wp-json\/wp\/v2\/posts\/462","targetHints":{"allow":["GET"]}}],"collection":[{"href":"https:\/\/wordpress.nibis.de\/campegym\/wp-json\/wp\/v2\/posts"}],"about":[{"href":"https:\/\/wordpress.nibis.de\/campegym\/wp-json\/wp\/v2\/types\/post"}],"author":[{"embeddable":true,"href":"https:\/\/wordpress.nibis.de\/campegym\/wp-json\/wp\/v2\/users\/9193570"}],"replies":[{"embeddable":true,"href":"https:\/\/wordpress.nibis.de\/campegym\/wp-json\/wp\/v2\/comments?post=462"}],"version-history":[{"count":1,"href":"https:\/\/wordpress.nibis.de\/campegym\/wp-json\/wp\/v2\/posts\/462\/revisions"}],"predecessor-version":[{"id":465,"href":"https:\/\/wordpress.nibis.de\/campegym\/wp-json\/wp\/v2\/posts\/462\/revisions\/465"}],"wp:featuredmedia":[{"embeddable":true,"href":"https:\/\/wordpress.nibis.de\/campegym\/wp-json\/wp\/v2\/media\/463"}],"wp:attachment":[{"href":"https:\/\/wordpress.nibis.de\/campegym\/wp-json\/wp\/v2\/media?parent=462"}],"wp:term":[{"taxonomy":"category","embeddable":true,"href":"https:\/\/wordpress.nibis.de\/campegym\/wp-json\/wp\/v2\/categories?post=462"},{"taxonomy":"post_tag","embeddable":true,"href":"https:\/\/wordpress.nibis.de\/campegym\/wp-json\/wp\/v2\/tags?post=462"}],"curies":[{"name":"wp","href":"https:\/\/api.w.org\/{rel}","templated":true}]}}