{"id":1330,"date":"2015-12-08T14:10:00","date_gmt":"2015-12-08T13:10:00","guid":{"rendered":"http:\/\/wordpress.nibis.de\/cfgs\/?p=1330"},"modified":"2021-01-06T08:59:16","modified_gmt":"2021-01-06T07:59:16","slug":"wir-sind-zweitbeste-schule-niedersachsens","status":"publish","type":"post","link":"https:\/\/wordpress.nibis.de\/cfgs\/wir-sind-zweitbeste-schule-niedersachsens\/","title":{"rendered":"Wir sind zweitbeste Schule Niedersachsens"},"content":{"rendered":"\n<p>\u201eStarke Schule\u201c in Niedersachsen<br>Mehr als 650 Schulen haben sich in diesem Jahr bundesweit bei \u201eStarke Schule\u201c beworben. Der Wettbewerb pr\u00e4miert die herausragende Arbeit, die diese Schulen bei der Vorbereitung ihrer Sch\u00fclerinnen und Sch\u00fcler auf die Berufswelt leisten und wird alle zwei Jahre von der Gemeinn\u00fctzigen Hertie-Stiftung gemeinsam mit der Bundesagentur f\u00fcr Arbeit, der Bundesvereinigung der Deutschen Arbeitgeberverb\u00e4nde und der Deutsche Bank Stiftung durchgef\u00fchrt.<\/p>\n\n\n\n<p>Wir haben im Landeswettbewerb in Niedersachsen den 2. Platz belegt! Verbunden ist diese Platzierung mit einem Preisgeld in H\u00f6he von 3500,00 \u20ac.<br><strong>In seiner Laudatio w\u00fcrdigte Jurymitglied Michael M\u00fcnch (Deutsche Bank Stiftung) neben der herausragenden Studien- und Berufsorientierung der Carl-Friedrich-Gau\u00df Schule, insbesondere auch unser Konzept des \u201eFreien Lernens\u201c.<br>An unserer Oberschule mit Gymnasialzweig werden Hausaufgaben als Lern- und \u00dcbungsaufgaben in die Unterrichtszeit integriert und nach einem Wochenplan von den Sch\u00fclerinnen und Sch\u00fclern selbst\u00e4ndig und unter Begleitung von Fachlehrern, bearbeitet. \u201eSomit f\u00f6rdere die Carl-Friedrich-Gau\u00df-Schule in besonderem Ma\u00dfe das selbst\u00e4ndige Lernen und das soziale Miteinander der Sch\u00fclerinnen und Sch\u00fcler\u201c, so M\u00fcnch.<\/strong><\/p>\n\n\n\n<p>Alle ausgezeichneten Schulen werden in das l\u00e4nder\u00fcbergreifende Netzwerk von \u201eStarke Schule\u201c aufgenommen.<br>Vier Jahre lang erhalten Lehrkr\u00e4fte, Schulleiterinnen und Schulleiter Zugang zu zahlreichen akkreditierten Fortbildungen zur Unterrichts-, Organisations- und Personalentwicklung. Das Netzwerk hat sich so zu einem Forum entwickelt, in dem sich die engagiertesten Lehrkr\u00e4fte Deutschlands austauschen, weiter qualifizieren und \u00fcber Bundeslandgrenzen hinweg zusammen an der Schule von morgen arbeiten.<br>Bewerben konnten sich alle allgemein bildenden Schulformen, die zur Ausbildungsreife f\u00fchren. Eine Jury mit Experten aus Bildung, Politik, Wirtschaft und Wissenschaft hat auf Basis der schriftlichen Bewerbungen und \u00fcber 60 Schulbesuchen die Landessieger ermittelt. Bei ihrer Entscheidung bewertete die Jury, wie Schulen und Lehrkr\u00e4fte Grundlagen schaffen, Begabungen ausbauen, \u00dcberg\u00e4nge meistern und Netzwerke nutzen. Die jeweiligen regionalen und soziokulturellen Rahmenbedingungen wurden dabei ber\u00fccksichtigt.<br>Unsere Schule wurde am 25. Novemebrr 2014 einen ganzen Tag lang von den Juroren Manfred K\u00f6nigsdorff, pensionierter Ausbildungsleiter Hildesheim der Robert Bosch GmbH, Irmtraut Windel, ehemalige Leiterin des Programms \u201eGesund Leben Lernen \u2013 Gesundheitsmanagement in Schulen\u201c und von Axel Witt, ehemaliger Leiter Personalbetreuung u. -services der VHV Holding AG besucht und kritisch begutachtet.<\/p>\n\n\n\n<p><a rel=\"noreferrer noopener\" href=\"http:\/\/www.starkeschule.de\/starke-schule\/\" target=\"_blank\">Starke Schule<\/a><br><a rel=\"noreferrer noopener\" href=\"http:\/\/www.hna.de\/lokales\/goettingen\/friedland-ort108199\/starke-schule-zweiter-platz-geht-nach-gross-schneen-4723925.html\" target=\"_blank\">HNA<\/a><br><a rel=\"noreferrer noopener\" href=\"http:\/\/www.hna.de\/lokales\/goettingen\/preis-oberschule-gross-schneen-zaehlt-besten-schulen-deutschlands-5000505.html\" target=\"_blank\">HNA Berlinbericht<\/a><\/p>\n","protected":false},"excerpt":{"rendered":"<p>Wir haben im Landeswettbewerb in Niedersachsen den 2. Platz belegt! Verbunden ist diese Platzierung mit einem Preisgeld in H\u00f6he von 3500,00 \u20ac.<br \/>\nIn seiner Laudatio w\u00fcrdigte Jurymitglied Michael M\u00fcnch (Deutsche Bank Stiftung) neben der herausragenden Studien- und Berufsorientierung der Carl-Friedrich-Gau\u00df Schule, insbesondere auch unser Konzept des \u201eFreien Lernens\u201c.<\/p>\n","protected":false},"author":9193666,"featured_media":1331,"comment_status":"closed","ping_status":"closed","sticky":false,"template":"","format":"standard","meta":{"footnotes":""},"categories":[30],"tags":[],"class_list":["post-1330","post","type-post","status-publish","format-standard","has-post-thumbnail","hentry","category-ausgezeichnet"],"_links":{"self":[{"href":"https:\/\/wordpress.nibis.de\/cfgs\/wp-json\/wp\/v2\/posts\/1330","targetHints":{"allow":["GET"]}}],"collection":[{"href":"https:\/\/wordpress.nibis.de\/cfgs\/wp-json\/wp\/v2\/posts"}],"about":[{"href":"https:\/\/wordpress.nibis.de\/cfgs\/wp-json\/wp\/v2\/types\/post"}],"author":[{"embeddable":true,"href":"https:\/\/wordpress.nibis.de\/cfgs\/wp-json\/wp\/v2\/users\/9193666"}],"replies":[{"embeddable":true,"href":"https:\/\/wordpress.nibis.de\/cfgs\/wp-json\/wp\/v2\/comments?post=1330"}],"version-history":[{"count":3,"href":"https:\/\/wordpress.nibis.de\/cfgs\/wp-json\/wp\/v2\/posts\/1330\/revisions"}],"predecessor-version":[{"id":1801,"href":"https:\/\/wordpress.nibis.de\/cfgs\/wp-json\/wp\/v2\/posts\/1330\/revisions\/1801"}],"wp:featuredmedia":[{"embeddable":true,"href":"https:\/\/wordpress.nibis.de\/cfgs\/wp-json\/wp\/v2\/media\/1331"}],"wp:attachment":[{"href":"https:\/\/wordpress.nibis.de\/cfgs\/wp-json\/wp\/v2\/media?parent=1330"}],"wp:term":[{"taxonomy":"category","embeddable":true,"href":"https:\/\/wordpress.nibis.de\/cfgs\/wp-json\/wp\/v2\/categories?post=1330"},{"taxonomy":"post_tag","embeddable":true,"href":"https:\/\/wordpress.nibis.de\/cfgs\/wp-json\/wp\/v2\/tags?post=1330"}],"curies":[{"name":"wp","href":"https:\/\/api.w.org\/{rel}","templated":true}]}}