{"id":2982,"date":"2020-11-10T15:10:21","date_gmt":"2020-11-10T14:10:21","guid":{"rendered":"http:\/\/wordpress.nibis.de\/cfgs\/?p=2982"},"modified":"2021-02-12T12:33:40","modified_gmt":"2021-02-12T11:33:40","slug":"cybermobbing-was-ist-das-wie-kann-man-dagegen-vorgehen","status":"publish","type":"post","link":"https:\/\/wordpress.nibis.de\/cfgs\/cybermobbing-was-ist-das-wie-kann-man-dagegen-vorgehen\/","title":{"rendered":"&#8222;Cybermobbing&#8220; \u2013 Was ist das? Wie kann man dagegen vorgehen?"},"content":{"rendered":"\n<p>Schikane, Blo\u00dfstellung und Diskriminierung in den sozialen Medien, kurz &#8222;Cybermobbing&#8220;, kennen leider viele Kinder und Jugendliche in Deutschland und das v\u00f6llig unabh\u00e4ngig vom Alter oder der Schulform. Wie man sich davor sch\u00fctzen und dagegen wehren kann und wo man in der Not Hilfe bekommt, lernte unser 8. Jahrgang dieser Pr\u00e4ventionsveranstaltung.<\/p>\n\n\n\n<p>Die Beauftragte f\u00fcr Jugendsachen der Polizei G\u00f6ttingen, Frau Klaus-Rosenthal, informierte in einer zweist\u00fcndigen Veranstaltung ausf\u00fchrlich \u00fcber dieses aktuelle Thema. Anhand von Filmsequenzen zeigte sie auf, wo Mobbing beginnt, wie sich Opfer dabei f\u00fchlen und vor allem, was man dagegen unternehmen kann. Auch die Unterschiede zwischen Mobbing und Cybermobbing wurden herausgearbeitet, denn bei Cybermobbing wird die st\u00e4ndige Pr\u00e4senz einer diffamierenden Nachricht, eines Textes, eines Bildes oder eines Videos im Internet als besonders belastend erlebt.<\/p>\n\n\n\n<p>Frau Klaus-Rosenthal machte deutlich, dass Cybermobbing in keiner Weise zu tolerieren ist und zeigte Wege auf, wie Betroffene aber auch Mitwisser sich wehren k\u00f6nnen:<\/p>\n\n\n\n<p>Der erste Schritt ist immer dar\u00fcber zu reden, trotz der Scham, die man vielleicht als Opfer von Cyber-Mobbing empfindet. Man sollte sich Hilfe holen, bei Freunden, Eltern, Lehrern oder auch anonym bei <a rel=\"noreferrer noopener\" href=\"https:\/\/www.nummergegenkummer.de\/\" target=\"_blank\">Beratungsstellen im Internet<\/a>. Alles ist besser, als Wegschauen oder stilles Ertragen. <\/p>\n\n\n\n<p>H\u00f6rt das Mobbing nicht auf, so sollten sich Betroffene an die Polizei wenden, denn Mobbing ist verboten und wird strafrechtlich verfolgt. Frau Klaus-Rosenthal berichtete von typischen Straftaten in diesem Zusammenhang und unterschied dabei Beleidigung, \u00fcble Nachrede, Verleumdung, N\u00f6tigung und Bedrohung.<\/p>\n\n\n\n<p>Von besonderer Bedeutung ist nat\u00fcrlich der korrekte Umgang mit Fotos und Bildern: Das Recht am eigenen Bild ist in der Regel bekannt und wird auch eingefordert: \u201eL\u00f6sch das sofort!\u201c Aber dass nicht nur das Anfertigen und Weiterleiten, sondern schon der Besitz von Fotos, welche als jugendgef\u00e4hrdend, diskriminierend oder gewaltverherrlichend eingestuft werden, strafbar ist, war f\u00fcr viele Zuh\u00f6rende neu und wurde in einer abschlie\u00dfenden Gespr\u00e4chsrunde neben noch offenen Fragen diskutiert. <\/p>\n\n\n\n<p>Kindern und Jugendlichen eine kompetente und <a href=\"https:\/\/www.klicksafe.de\/service\/\" target=\"_blank\" rel=\"noreferrer noopener\">kritische Nutzung des Internets<\/a> und der sozialen Medien zu vermitteln, ist Ziel unserer im Unterricht stattfindenden <a href=\"https:\/\/wordpress.nibis.de\/cfgs\/medien-an-der-schule-mads\/\">Schulung der Medienkompetenz<\/a>. Die Veranstaltung zum &#8222;Cybermobbing&#8220; war dazu eine hilfreiche Erg\u00e4nzung.<\/p>\n","protected":false},"excerpt":{"rendered":"<p>Schikane, Blo\u00dfstellung und Diskriminierung in den sozialen Medien, kurz &#8222;Cybermobbing&#8220;, kennen leider viele Kinder und Jugendliche in Deutschland und das v\u00f6llig unabh\u00e4ngig vom Alter oder der Schulform. Wie man sich<\/p>\n","protected":false},"author":9193449,"featured_media":2983,"comment_status":"closed","ping_status":"closed","sticky":false,"template":"","format":"standard","meta":{"footnotes":""},"categories":[26],"tags":[],"class_list":["post-2982","post","type-post","status-publish","format-standard","has-post-thumbnail","hentry","category-schulaktuelles"],"_links":{"self":[{"href":"https:\/\/wordpress.nibis.de\/cfgs\/wp-json\/wp\/v2\/posts\/2982","targetHints":{"allow":["GET"]}}],"collection":[{"href":"https:\/\/wordpress.nibis.de\/cfgs\/wp-json\/wp\/v2\/posts"}],"about":[{"href":"https:\/\/wordpress.nibis.de\/cfgs\/wp-json\/wp\/v2\/types\/post"}],"author":[{"embeddable":true,"href":"https:\/\/wordpress.nibis.de\/cfgs\/wp-json\/wp\/v2\/users\/9193449"}],"replies":[{"embeddable":true,"href":"https:\/\/wordpress.nibis.de\/cfgs\/wp-json\/wp\/v2\/comments?post=2982"}],"version-history":[{"count":7,"href":"https:\/\/wordpress.nibis.de\/cfgs\/wp-json\/wp\/v2\/posts\/2982\/revisions"}],"predecessor-version":[{"id":3213,"href":"https:\/\/wordpress.nibis.de\/cfgs\/wp-json\/wp\/v2\/posts\/2982\/revisions\/3213"}],"wp:featuredmedia":[{"embeddable":true,"href":"https:\/\/wordpress.nibis.de\/cfgs\/wp-json\/wp\/v2\/media\/2983"}],"wp:attachment":[{"href":"https:\/\/wordpress.nibis.de\/cfgs\/wp-json\/wp\/v2\/media?parent=2982"}],"wp:term":[{"taxonomy":"category","embeddable":true,"href":"https:\/\/wordpress.nibis.de\/cfgs\/wp-json\/wp\/v2\/categories?post=2982"},{"taxonomy":"post_tag","embeddable":true,"href":"https:\/\/wordpress.nibis.de\/cfgs\/wp-json\/wp\/v2\/tags?post=2982"}],"curies":[{"name":"wp","href":"https:\/\/api.w.org\/{rel}","templated":true}]}}