{"id":2988,"date":"2020-10-07T15:08:00","date_gmt":"2020-10-07T13:08:00","guid":{"rendered":"http:\/\/wordpress.nibis.de\/cfgs\/?p=2988"},"modified":"2021-02-12T12:35:42","modified_gmt":"2021-02-12T11:35:42","slug":"deine-zukunft-ist-bunt-ein-schulwettbewerb-zur-berufsorientierung","status":"publish","type":"post","link":"https:\/\/wordpress.nibis.de\/cfgs\/deine-zukunft-ist-bunt-ein-schulwettbewerb-zur-berufsorientierung\/","title":{"rendered":"\u201eDeine Zukunft ist bunt\u201c  &#8211;                                                   Ein Schulwettbewerb zur Berufsorientierung"},"content":{"rendered":"\n<p>Gemeinsam mit unseren Schulsozialarbeitern und regionalen Kooperationspartnern haben 8-Kl\u00e4ssler unserer Schule an dem deutschlandweiten <a href=\"https:\/\/wordpress.nibis.de\/cfgs\/wettbewerbe-und-auszeichnungen\/\">Schulwettbewerb<\/a> \u201e<a rel=\"noreferrer noopener\" href=\"https:\/\/www.deine-zukunft-ist-bunt.de\/betriebe\/schulwettbewerb\/\" target=\"_blank\">Deine Zukunft ist bunt<\/a>\u201c teilgenommen und damit ihr erstes einw\u00f6chiges Schnupperpraktikum absolviert. Bei dem Wettbewerb handelt es sich um eine gemeinsame Initiative des Handwerks und des Farben- und Lackherstellers \u201eBrillux\u201c mit dem Ziel, junge Menschen f\u00fcr eine Ausbildung im Malerhandwerk zu begeistern, Betriebe bei der Nachwuchswerbung zu unterst\u00fctzen und Jugendliche in Kontakt zu einem regionalen Ausbildungsbetrieb zu bringen. Ganz nebenbei lockt der Siegerschule dieses Wettbewerbs die Chance, einen Tag mit dem Rapper Samy Deluxe und seinem Verein \u201eDeluxeKidz\u201c zu verbringen.<\/p>\n\n\n\n<p>Zu Beginn trafen sich alle Kooperationspartner, ohne die die Umsetzung dieses Projekts nicht m\u00f6glich gewesen w\u00e4re:  Der Farben- und Lackhersteller \u201eBrillux\u201c in G\u00f6ttingen, vertreten durch Herrn Waldmann, sponsorte s\u00e4mtliche Farben und Arbeitsmaterialien und Herr G\u00fcnther vom gleichnamigen Malerfachbetrieb in Rosdorf stellte unserer Schule unentgeltlich die Arbeitskraft eines Gesellen und zwei Auszubildender zur Verf\u00fcgung. Gemeinsam mit unseren Schulsozialp\u00e4dagogen Herrn Deisel und Frau Klein und den am Beruf des Malers interessierten Jugendlichen unserer Schule traf man sich in mehreren Planungsrunden, um die k\u00fcnstlerisch und farblich anspruchsvolle Gestaltung eines gro\u00dfen Raumes &#8211; unserer multifunktionalen Lernwerkstatt &#8211; zu besprechen und zu organisieren. <\/p>\n\n\n\n<p>Am Montag, den 05.10.2020 ging es morgens um 7.30 Uhr los und f\u00fcr 12 Sch\u00fcler des 8. Jahrgangs startete der erste Tag ihres Schnupperpraktikums. Nach Ausladen aller Materialien, Abkleben des Raumes und Vorbereitung der nachfolgenden Malerarbeiten erfolgte zun\u00e4chst ein zweifacher wei\u00dfer Anstrich des gesamten Raumes. Danach wurden geometrischen Wandfl\u00e4chen sowie mehrere Schriftz\u00fcge sorgf\u00e4ltig abgeklebt, Farben ausgew\u00e4hlt und schlie\u00dflich die farbliche Gestaltung mehrerer W\u00e4nde und einer sich im Raum befindenden S\u00e4ule vorgenommen. Jeder einzelne Arbeitsschritt wurde genauestens erkl\u00e4rt. Die Sch\u00fcler konnten sich in vielerlei Hinsicht ausprobieren und lernten daher an diesen Projekttagen den Beruf des Malers aus erster Hand kennen. <\/p>\n\n\n\n<p>Zus\u00e4tzlich zu dieser lebendigen Berufsorientierung (ohne trockene Theorie) ist unter Mitwirkung der Sch\u00fcler ein p\u00e4dagogisch bedeutsamer Raum unserer Schule in besonderer Weise kreativ und attraktiv gestaltet worden und das Ergebnis kann sich wahrlich sehen lassen!<\/p>\n\n\n\n<p>Insgesamt war das Projekt mit dem Fokus der Berufsorientierung ein gro\u00dfer Erfolg und vielleicht hat der eine oder andere Sch\u00fcler Gefallen an dieser T\u00e4tigkeit gefunden und somit eine berufliche Perspektive f\u00fcr sich entdeckt!?<\/p>\n\n\n\n<p>Unser Dank gilt Herrn Leuze, Herrn Abdirahman und Herrn Sarwari, die uns w\u00e4hrend der Projekttage mit ihrer gesamten Handwerkskunst und ihrer Liebe zum Detail professionell, geduldig und hilfreich zur Seite gestanden haben. Ebenso m\u00f6chten wir uns ganz herzlich bei Herrn Waldmann von \u201eBrillux\u201c aus G\u00f6ttingen und bei Herrn G\u00fcnther des Malerfachbetriebes aus Rosdorf bedanken, ohne die die Umsetzung des Projektes nicht m\u00f6glich gewesen w\u00e4re!<\/p>\n","protected":false},"excerpt":{"rendered":"<p>Im Rahmen der Berufsorientierung bewarb sich unsere Schule f\u00fcr die Teilnahme dem deutschlandweiten Schulwettbewerb \u201eDeine Zukunft ist bunt\u201c,  um interessierten Sch\u00fclerinnen und Sch\u00fclern das Malerhandwerk n\u00e4her zu bringen. <\/p>\n","protected":false},"author":9193449,"featured_media":2989,"comment_status":"closed","ping_status":"closed","sticky":false,"template":"","format":"standard","meta":{"footnotes":""},"categories":[26],"tags":[],"class_list":["post-2988","post","type-post","status-publish","format-standard","has-post-thumbnail","hentry","category-schulaktuelles"],"_links":{"self":[{"href":"https:\/\/wordpress.nibis.de\/cfgs\/wp-json\/wp\/v2\/posts\/2988","targetHints":{"allow":["GET"]}}],"collection":[{"href":"https:\/\/wordpress.nibis.de\/cfgs\/wp-json\/wp\/v2\/posts"}],"about":[{"href":"https:\/\/wordpress.nibis.de\/cfgs\/wp-json\/wp\/v2\/types\/post"}],"author":[{"embeddable":true,"href":"https:\/\/wordpress.nibis.de\/cfgs\/wp-json\/wp\/v2\/users\/9193449"}],"replies":[{"embeddable":true,"href":"https:\/\/wordpress.nibis.de\/cfgs\/wp-json\/wp\/v2\/comments?post=2988"}],"version-history":[{"count":7,"href":"https:\/\/wordpress.nibis.de\/cfgs\/wp-json\/wp\/v2\/posts\/2988\/revisions"}],"predecessor-version":[{"id":3035,"href":"https:\/\/wordpress.nibis.de\/cfgs\/wp-json\/wp\/v2\/posts\/2988\/revisions\/3035"}],"wp:featuredmedia":[{"embeddable":true,"href":"https:\/\/wordpress.nibis.de\/cfgs\/wp-json\/wp\/v2\/media\/2989"}],"wp:attachment":[{"href":"https:\/\/wordpress.nibis.de\/cfgs\/wp-json\/wp\/v2\/media?parent=2988"}],"wp:term":[{"taxonomy":"category","embeddable":true,"href":"https:\/\/wordpress.nibis.de\/cfgs\/wp-json\/wp\/v2\/categories?post=2988"},{"taxonomy":"post_tag","embeddable":true,"href":"https:\/\/wordpress.nibis.de\/cfgs\/wp-json\/wp\/v2\/tags?post=2988"}],"curies":[{"name":"wp","href":"https:\/\/api.w.org\/{rel}","templated":true}]}}