{"id":2991,"date":"2020-10-09T14:55:00","date_gmt":"2020-10-09T12:55:00","guid":{"rendered":"http:\/\/wordpress.nibis.de\/cfgs\/?p=2991"},"modified":"2021-02-12T12:35:08","modified_gmt":"2021-02-12T11:35:08","slug":"unser-forum-im-neuen-glanz","status":"publish","type":"post","link":"https:\/\/wordpress.nibis.de\/cfgs\/unser-forum-im-neuen-glanz\/","title":{"rendered":"Unser Forum im neuen Glanz"},"content":{"rendered":"\n<p>Das Forum unserer Schule wurde im Sommer und Herbst vergangenen Jahres komplett \u00fcberholt und wartet nun mit  ganz neuem Schall-, Belichtungs- und W\u00e4rmed\u00e4mmkonzept und k\u00fcnstlerischer Wandgestaltung auf.<\/p>\n\n\n\n<p>Das Projekt der Neugestaltung der gro\u00dfen Wand im Forum war seit zwei Jahren in Planung, denn bereits im November 2018 wurde es von Herrn Nicolait und Herrn Deisel beim Netzwerktreffen der ausgezeichneten MINT-Schulen Niedersachsens in unserer Schule in dem Workshops \u201eMINT trifft Kunst\u201c entworfen. Diese kreative Welle trugen dann Frau Pfuhl, Frau Boehm und Frau Rott in den Kunstunterricht, wo in vielen Stunden der &#8222;Gau\u00df-Kopf&#8220; entstand, dargestellt mit Begriffen, die unsere Schule ausmachen: <em>Toleranz, Lernen, Praktikum, Zukunft, bunt<\/em> sind nur einige davon. <\/p>\n\n\n\n<p>Eingerahmt ist das Ganze von einem nach au\u00dfen pastellfarbenen verlaufenden Farbkreis, der die Vielfalt des Lebens widerspiegelt. Eine Thematik, mit der sich schon Johann Wolfgang von Goethe und Johannes Itten stark auseinandergesetzt haben und welche jetzt auch alle Betrachter der Wand in den Bann zieht.<\/p>\n\n\n\n<p>Das Projekt wurde im Rahmen der Berufsorientierung des 8. Jahrganges von einer Gruppe von elf Jugendlichen, unserem FSJ\u2018ler Jonas Windel, unserer Praktikantin Wiebke Faust und Herrn Deisel umgesetzt.<\/p>\n\n\n\n<p>All dies ist w\u00e4re ohne die gro\u00dfe Vielfalt an unserer Schule nicht m\u00f6glich und wir danken den j\u00fcngeren Jahrg\u00e4ngen, die beim Farbmischen halfen, den \u00e4lteren Jahrg\u00e4ngen, die bei der Schablonenarbeit mitwirkten, und vor allen Dingen all den kreativen K\u00f6pfen, die bei der Ideenfindung und dem Entwerfen geholfen haben!<\/p>\n","protected":false},"excerpt":{"rendered":"<p>Das Forum unserer Schule wurde im Sommer und Herbst vergangenen Jahres komplett \u00fcberholt und wartet nun mit ganz neuem Schall-, Belichtungs- und W\u00e4rmed\u00e4mmkonzept und k\u00fcnstlerischer Wandgestaltung auf. Das Projekt der<\/p>\n","protected":false},"author":9193449,"featured_media":2992,"comment_status":"closed","ping_status":"closed","sticky":false,"template":"","format":"standard","meta":{"footnotes":""},"categories":[26],"tags":[],"class_list":["post-2991","post","type-post","status-publish","format-standard","has-post-thumbnail","hentry","category-schulaktuelles"],"_links":{"self":[{"href":"https:\/\/wordpress.nibis.de\/cfgs\/wp-json\/wp\/v2\/posts\/2991","targetHints":{"allow":["GET"]}}],"collection":[{"href":"https:\/\/wordpress.nibis.de\/cfgs\/wp-json\/wp\/v2\/posts"}],"about":[{"href":"https:\/\/wordpress.nibis.de\/cfgs\/wp-json\/wp\/v2\/types\/post"}],"author":[{"embeddable":true,"href":"https:\/\/wordpress.nibis.de\/cfgs\/wp-json\/wp\/v2\/users\/9193449"}],"replies":[{"embeddable":true,"href":"https:\/\/wordpress.nibis.de\/cfgs\/wp-json\/wp\/v2\/comments?post=2991"}],"version-history":[{"count":7,"href":"https:\/\/wordpress.nibis.de\/cfgs\/wp-json\/wp\/v2\/posts\/2991\/revisions"}],"predecessor-version":[{"id":3033,"href":"https:\/\/wordpress.nibis.de\/cfgs\/wp-json\/wp\/v2\/posts\/2991\/revisions\/3033"}],"wp:featuredmedia":[{"embeddable":true,"href":"https:\/\/wordpress.nibis.de\/cfgs\/wp-json\/wp\/v2\/media\/2992"}],"wp:attachment":[{"href":"https:\/\/wordpress.nibis.de\/cfgs\/wp-json\/wp\/v2\/media?parent=2991"}],"wp:term":[{"taxonomy":"category","embeddable":true,"href":"https:\/\/wordpress.nibis.de\/cfgs\/wp-json\/wp\/v2\/categories?post=2991"},{"taxonomy":"post_tag","embeddable":true,"href":"https:\/\/wordpress.nibis.de\/cfgs\/wp-json\/wp\/v2\/tags?post=2991"}],"curies":[{"name":"wp","href":"https:\/\/api.w.org\/{rel}","templated":true}]}}