{"id":3806,"date":"2021-03-10T12:48:11","date_gmt":"2021-03-10T11:48:11","guid":{"rendered":"http:\/\/wordpress.nibis.de\/cfgs\/?p=3806"},"modified":"2021-03-10T18:29:26","modified_gmt":"2021-03-10T17:29:26","slug":"gruss-an-unsere-schuelerschaft","status":"publish","type":"post","link":"https:\/\/wordpress.nibis.de\/cfgs\/gruss-an-unsere-schuelerschaft\/","title":{"rendered":"Videogru\u00df an unsere Sch\u00fclerschaft"},"content":{"rendered":"\n<p>Liebe Sch\u00fclerinnen und Sch\u00fcler,<\/p>\n\n\n\n<p>unser Videogru\u00df aus dem ersten Lockdown f\u00fcr euch zu Hause&#8220;reloaded&#8220;: Wir vermissen euch, freuen uns euch ab dem 15.03. (Jahrgang 5-7) und dem 22.03. (Jahrgang 8-10) wieder in der Schule begr\u00fc\u00dfen zu d\u00fcrfen.<\/p>\n\n\n\n<p>Bis dahin &#8211; bleibt gesund und haltet durch!<\/p>\n\n\n\n<p><\/p>\n\n\n\n<p>herzliche Gr\u00fc\u00dfe aus der Schule und dem Homeoffice<\/p>\n\n\n\n<p>eure Lehrerinnen und Lehrer<\/p>\n\n\n\n<figure class=\"wp-block-embed-youtube wp-block-embed is-type-video is-provider-youtube wp-embed-aspect-16-9 wp-has-aspect-ratio\"><div class=\"wp-block-embed__wrapper\">\n<iframe loading=\"lazy\"  id=\"_ytid_88104\"  width=\"840\" height=\"473\"  data-origwidth=\"840\" data-origheight=\"473\" src=\"https:\/\/www.youtube.com\/embed\/6CLH7FSfPlw?enablejsapi=1&#038;autoplay=0&#038;cc_load_policy=0&#038;cc_lang_pref=&#038;iv_load_policy=1&#038;loop=0&#038;rel=1&#038;fs=1&#038;playsinline=0&#038;autohide=2&#038;theme=dark&#038;color=red&#038;controls=1&#038;disablekb=0&#038;\" class=\"__youtube_prefs__  epyt-is-override  no-lazyload\" title=\"YouTube player\"  allow=\"fullscreen; accelerometer; autoplay; clipboard-write; encrypted-media; gyroscope; picture-in-picture; web-share\" referrerpolicy=\"strict-origin-when-cross-origin\" allowfullscreen data-no-lazy=\"1\" data-skipgform_ajax_framebjll=\"\"><\/iframe>\n<\/div><\/figure>\n","protected":false},"excerpt":{"rendered":"<p>Liebe Sch\u00fclerinnen und Sch\u00fcler, unser Videogru\u00df aus dem ersten Lockdown f\u00fcr euch zu Hause&#8220;reloaded&#8220;: Wir vermissen euch, freuen uns euch ab dem 15.03. (Jahrgang 5-7) und dem 22.03. (Jahrgang 8-10)<\/p>\n","protected":false},"author":9193666,"featured_media":1522,"comment_status":"closed","ping_status":"closed","sticky":false,"template":"","format":"standard","meta":{"footnotes":""},"categories":[26],"tags":[],"class_list":["post-3806","post","type-post","status-publish","format-standard","has-post-thumbnail","hentry","category-schulaktuelles"],"_links":{"self":[{"href":"https:\/\/wordpress.nibis.de\/cfgs\/wp-json\/wp\/v2\/posts\/3806","targetHints":{"allow":["GET"]}}],"collection":[{"href":"https:\/\/wordpress.nibis.de\/cfgs\/wp-json\/wp\/v2\/posts"}],"about":[{"href":"https:\/\/wordpress.nibis.de\/cfgs\/wp-json\/wp\/v2\/types\/post"}],"author":[{"embeddable":true,"href":"https:\/\/wordpress.nibis.de\/cfgs\/wp-json\/wp\/v2\/users\/9193666"}],"replies":[{"embeddable":true,"href":"https:\/\/wordpress.nibis.de\/cfgs\/wp-json\/wp\/v2\/comments?post=3806"}],"version-history":[{"count":4,"href":"https:\/\/wordpress.nibis.de\/cfgs\/wp-json\/wp\/v2\/posts\/3806\/revisions"}],"predecessor-version":[{"id":3811,"href":"https:\/\/wordpress.nibis.de\/cfgs\/wp-json\/wp\/v2\/posts\/3806\/revisions\/3811"}],"wp:featuredmedia":[{"embeddable":true,"href":"https:\/\/wordpress.nibis.de\/cfgs\/wp-json\/wp\/v2\/media\/1522"}],"wp:attachment":[{"href":"https:\/\/wordpress.nibis.de\/cfgs\/wp-json\/wp\/v2\/media?parent=3806"}],"wp:term":[{"taxonomy":"category","embeddable":true,"href":"https:\/\/wordpress.nibis.de\/cfgs\/wp-json\/wp\/v2\/categories?post=3806"},{"taxonomy":"post_tag","embeddable":true,"href":"https:\/\/wordpress.nibis.de\/cfgs\/wp-json\/wp\/v2\/tags?post=3806"}],"curies":[{"name":"wp","href":"https:\/\/api.w.org\/{rel}","templated":true}]}}