{"id":4494,"date":"2022-02-09T12:47:56","date_gmt":"2022-02-09T11:47:56","guid":{"rendered":"https:\/\/wordpress.nibis.de\/cfgs\/?p=4494"},"modified":"2022-05-23T19:27:59","modified_gmt":"2022-05-23T17:27:59","slug":"verabschiedungen-an-der-carl-friedrich-gauss-schule","status":"publish","type":"post","link":"https:\/\/wordpress.nibis.de\/cfgs\/verabschiedungen-an-der-carl-friedrich-gauss-schule\/","title":{"rendered":"Verabschiedungen an der Carl-Friedrich-Gau\u00df-Schule"},"content":{"rendered":"\n<p>Das Schulhalbjahr ging zu Ende mit vielen Notenkonferenzen, der \u00dcbergabe der Zeugnisse und \u00fcberwiegend zufriedenen Gesichtern. F\u00fcr die Lehrer:innen gab es kurz vor den Zeugnisferien noch eine Dienstbesprechung, auf der auch drei Kolleg:innen verabschiedet wurden: Frau Degener, die bei uns ihr Referendariat erfolgreich bestanden hat, hat eine Planstelle im Harz bekommen. Unser Spanischlehrer Herr Castilla verl\u00e4sst uns leider, um in Hannover Fu\u00df zu fassen. Und Herr Bauckholt, der seit 2004 an der CFG-Schule ist, geht in seinen wohlverdienten Ruhestand.<\/p>\n<p>An unserer Schule hatte man ihn damals sehnlichst erwartet: Musiklehrer waren absolute Mangelware und unser fr\u00fcherer Musiklehrer Glenn Wallbaum, der ebenfalls gro\u00dfe Spuren hinterlassen hatte, war schon \u00fcber zehn Jahre weg, sodass der Fachbereich faktisch am Boden lag. Schnell waren Sch\u00fcler:innen gefunden, die Herr Bauckholt zu einer Schulband formiert hat. Auch unsere Sch\u00fclerfirma \u201eMr. Pen\u201c, hat er gemeinsam mit Frau Gorny-Schneider mit sehr viel Engagement geleitet<\/p>\n<p>F\u00fcr seinen neuen Lebensabschnitt als Pension\u00e4r hat Herr Baukholt schon viele Pl\u00e4ne. Besonders freut er sich darauf, mit seiner Frau im Campingbus nach Portugal zu reisen.<\/p>\n<p>Zum Abschied gab es von Frau Schuppelius, Frau Weber, Herrn Beeck, Herrn Hillebrandt und Herrn K\u00f6nig ein f\u00fcnfstimmig gesungenes Lied: Den bekannten Wellerman-Song passend umgedichtet. Die Kolleg:innen haben das so gro\u00dfartig vorgetragen, dass sie daf\u00fcr Standing Ovations bekamen.<\/p>\n<p>Bereits vor den Weihnachtsferien wurde im Kreise der Raumpflegerinnen unsere langj\u00e4hrige Mitarbeiterin Renate Trantau in den wohlverdienten Ruhestand verabschiedet. Herr Haepe w\u00fcrdigte ihre stets ruhige, besonnene und immer freundliche und hilfsbereite Art und w\u00fcnschte der allseits gesch\u00e4tzten Mitarbeiterin f\u00fcr die Zeit nach Wischmopp und Besen alles Gute!<\/p>\n<p>Lieber Herr Bauckholt, lieber Herr Castilla, liebe Frau Degener, liebe Frau Trantau, vielen Dank, dass Ihr Teil unserer\u00a0 Schulgemeinschaft wart. Wir w\u00fcnschen Euch das Beste f\u00fcr die Zukunft!<\/p>\n<p>\u00a0<\/p>\n\n\n\n<figure class=\"wp-block-gallery has-nested-images columns-default is-cropped wp-block-gallery-1 is-layout-flex wp-block-gallery-is-layout-flex\">\n<figure class=\"wp-block-image size-large\"><img decoding=\"async\" data-id=\"4500\" src=\"http:\/\/wordpress.nibis.de\/cfgs\/files\/02_IMG-20220105-WA0002-640x480.jpg\" alt=\"\" class=\"wp-image-4500\" \/><\/figure>\n\n\n\n<figure class=\"wp-block-image size-large\"><img decoding=\"async\" data-id=\"4499\" src=\"http:\/\/wordpress.nibis.de\/cfgs\/files\/IMG_4166.jpg\" alt=\"\" class=\"wp-image-4499\" \/><\/figure>\n\n\n\n<figure class=\"wp-block-image size-large\"><img decoding=\"async\" data-id=\"4498\" src=\"http:\/\/wordpress.nibis.de\/cfgs\/files\/IMG_4163.jpg\" alt=\"\" class=\"wp-image-4498\" \/><\/figure>\n\n\n\n<figure class=\"wp-block-image size-large\"><img decoding=\"async\" data-id=\"4497\" src=\"http:\/\/wordpress.nibis.de\/cfgs\/files\/IMG_4155.jpg\" alt=\"\" class=\"wp-image-4497\" \/><\/figure>\n\n\n\n<figure class=\"wp-block-image size-large\"><img decoding=\"async\" data-id=\"4496\" src=\"http:\/\/wordpress.nibis.de\/cfgs\/files\/IMG_4150.jpg\" alt=\"\" class=\"wp-image-4496\" \/><\/figure>\n<\/figure>\n","protected":false},"excerpt":{"rendered":"<p>Frau Degener, die bei uns ihr Referendariat erfolgreich bestanden hat, hat eine Planstelle im Harz bekommen. Unser Spanischlehrer Herr Castilla verl\u00e4sst uns leider, um in Hannover Fu\u00df zu fassen. Und Herr Bauckholt, der seit 2004 an der CFG-Schule ist, geht in seinen wohlverdienten Ruhestand.<\/p>\n","protected":false},"author":9193666,"featured_media":0,"comment_status":"closed","ping_status":"closed","sticky":false,"template":"","format":"standard","meta":{"footnotes":""},"categories":[27],"tags":[],"class_list":["post-4494","post","type-post","status-publish","format-standard","hentry","category-uncategorized"],"_links":{"self":[{"href":"https:\/\/wordpress.nibis.de\/cfgs\/wp-json\/wp\/v2\/posts\/4494","targetHints":{"allow":["GET"]}}],"collection":[{"href":"https:\/\/wordpress.nibis.de\/cfgs\/wp-json\/wp\/v2\/posts"}],"about":[{"href":"https:\/\/wordpress.nibis.de\/cfgs\/wp-json\/wp\/v2\/types\/post"}],"author":[{"embeddable":true,"href":"https:\/\/wordpress.nibis.de\/cfgs\/wp-json\/wp\/v2\/users\/9193666"}],"replies":[{"embeddable":true,"href":"https:\/\/wordpress.nibis.de\/cfgs\/wp-json\/wp\/v2\/comments?post=4494"}],"version-history":[{"count":3,"href":"https:\/\/wordpress.nibis.de\/cfgs\/wp-json\/wp\/v2\/posts\/4494\/revisions"}],"predecessor-version":[{"id":4935,"href":"https:\/\/wordpress.nibis.de\/cfgs\/wp-json\/wp\/v2\/posts\/4494\/revisions\/4935"}],"wp:attachment":[{"href":"https:\/\/wordpress.nibis.de\/cfgs\/wp-json\/wp\/v2\/media?parent=4494"}],"wp:term":[{"taxonomy":"category","embeddable":true,"href":"https:\/\/wordpress.nibis.de\/cfgs\/wp-json\/wp\/v2\/categories?post=4494"},{"taxonomy":"post_tag","embeddable":true,"href":"https:\/\/wordpress.nibis.de\/cfgs\/wp-json\/wp\/v2\/tags?post=4494"}],"curies":[{"name":"wp","href":"https:\/\/api.w.org\/{rel}","templated":true}]}}