{"id":4516,"date":"2022-02-22T19:13:55","date_gmt":"2022-02-22T18:13:55","guid":{"rendered":"https:\/\/wordpress.nibis.de\/cfgs\/?p=4516"},"modified":"2022-12-15T15:53:10","modified_gmt":"2022-12-15T14:53:10","slug":"samy-deluxe-in-der-cfg-schule","status":"publish","type":"post","link":"https:\/\/wordpress.nibis.de\/cfgs\/samy-deluxe-in-der-cfg-schule\/","title":{"rendered":"Samy Deluxe kommt in unsere Schule"},"content":{"rendered":"\n<p><strong>\u201eDeine Zukunft ist bunt\u201c &#8211; Die Carl-Friedrich-Gau\u00df-Schule in Gro\u00df Schneen\u00a0 \u00a0 \u00a0 \u00a0 \u00a0 \u00a0 \u00a0 \u00a0 \u00a0 \u00a0 \u00a0 \u00a0 \u00a0 \u00a0 \u00a0 \u00a0 \u00a0 \u00a0 \u00a0 \u00a0 \u00a0 \u00a0 \u00a0 \u00a0 \u00a0 \u00a0 \u00a0 \u00a0 \u00a0 ist Sieger des deutschlandweiten Schulwettbewerbes zur Berufsorientierung\u00a0\u00a0\u00a0\u00a0\u00a0\u00a0\u00a0\u00a0\u00a0\u00a0\u00a0\u00a0\u00a0\u00a0\u00a0\u00a0\u00a0\u00a0\u00a0\u00a0\u00a0\u00a0\u00a0\u00a0\u00a0\u00a0\u00a0\u00a0\u00a0\u00a0\u00a0\u00a0\u00a0\u00a0\u00a0\u00a0\u00a0\u00a0\u00a0\u00a0\u00a0\u00a0\u00a0\u00a0\u00a0\u00a0\u00a0\u00a0\u00a0\u00a0 <\/strong><\/p>\n<p>\u00a0<\/p>\n<p>Bei dem deutschlandweiten Schulwettbewerb \u201eDeine Zukunft ist bunt\u201c handelt es sich um eine Initiative des Farben- und Lackherstellers \u201eBrillux\u201c gemeinsam mit dem Handwerk. Das Ziel dieser Nachwuchsinitiative ist es, junge Menschen f\u00fcr eine Ausbildung im Maler- oder Stuckateurhandwerk zu begeistern, Betriebe bei der Nachwuchswerbung zu unterst\u00fctzen und das Jugendliche in Kontakt zu einem regionalen Ausbildungsbetrieb kommen.<\/p>\n<p>Im Rahmen der Berufsorientierung bewarb sich die Carl-Friedrich-Gau\u00df-Schule f\u00fcr die Teilnahme an diesem Schulwettbewerb,\u00a0 um interessierten Sch\u00fclerinnen und Sch\u00fclern das Malerhandwerk n\u00e4her zu bringen. Schnell erhielt die Schule eine Zusage an dem Wettbewerb teilzunehmen, da sich der Malerbetrieb G\u00fcnther (aus Rosdorf) bereit erkl\u00e4rt hatte, dieses Projekt zu unterst\u00fctzen.<\/p>\n<p>So trafen sich zu Beginn des Projektes alle Kooperationspartner; dazu geh\u00f6rten Herr Waldmann vom Farben- und Lackhersteller \u201eBrillux\u201c in G\u00f6ttingen, Herr G\u00fcnther des Malerfachbetriebes in Rosdorf, die Schulsozialp\u00e4dagog*in der CFG-Schule (Frau Klein und Herr Deisel) sowie die am Beruf des Malers interessierten Sch\u00fcler.\u00a0\u00a0\u00a0\u00a0\u00a0\u00a0\u00a0\u00a0\u00a0\u00a0\u00a0\u00a0\u00a0\u00a0\u00a0\u00a0\u00a0\u00a0\u00a0\u00a0\u00a0\u00a0\u00a0\u00a0\u00a0\u00a0\u00a0\u00a0\u00a0\u00a0\u00a0\u00a0\u00a0\u00a0\u00a0\u00a0\u00a0\u00a0\u00a0\u00a0\u00a0\u00a0\u00a0\u00a0\u00a0\u00a0\u00a0\u00a0\u00a0\u00a0<\/p>\n<p>In mehreren Planungsrunden wurde zun\u00e4chst die k\u00fcnstlerisch und farblich anspruchsvolle Gestaltung eines gro\u00dfen Raumes (eine multifunktionale Lernwerkstatt) der Schule\u00a0 besprochen und organisiert. F\u00fcr die Umsetzung des Projektes hatte \u201eBrillux\u201c s\u00e4mtliche Farben und Arbeitsmaterialien gesponsert, w\u00e4hrend Herr G\u00fcnther die Arbeitskraft eines Gesellen und zweier Auszubildenden seines Malerbetriebes der Schule unentgeltlich an die Seite stellte.<\/p>\n<p>Am Montag, den 05.10.2020 hatten sich alle Kooperationspartner und insgesamt 12 Sch\u00fcler des \u00a0\u00a0\u00a0\u00a0\u00a0\u00a0\u00a0\u00a0\u00a08. Jahrgangs (im Rahmen ihres ersten Betriebspraktikums) in der Schule eingefunden, um innerhalb von wenigen Tagen, den Raum zu gestalten. Dazu wurde den Sch\u00fclern jeder einzelne Arbeitsschritt genauestens erkl\u00e4rt und sie konnten sich in vielerlei Hinsicht ausprobieren, um den Beruf des Malers aus erster Hand kennen zu lernen. <a href=\"https:\/\/www.youtube.com\/watch?v=A6EHIVSKfiA\">https:\/\/www.youtube.com\/watch?v=A6EHIVSKfiA<\/a><\/p>\n<p>Zus\u00e4tzlich zu dieser lebendigen Berufsorientierung (ohne trockene Theorie) ist ein p\u00e4dagogisch bedeutsamer Raum der Schule \u2013 unter Mitwirkung der Sch\u00fcler \u2013 in besonderer Weise kreativ und attraktiv gestaltet worden.<\/p>\n<p>In dem bundesweiten Wettbewerb sind viele kreative Projekte entstanden. Durch eine Jury wurden von 64 teilnehmenden Schulen zun\u00e4chst insgesamt sechs Schulen als \u201ebesonders herausstechend\u201c gek\u00fcrt; darunter die Carl-Friedrich-Gau\u00df-Schule. In einem anschlie\u00dfenden Online-Voting hat sich die Carl-Friedrich-Gau\u00df-Schule durchgesetzt und den deutschlandweiten Wettbewerb gewonnen. Die Schule darf nun einen Tag mit dem Rapper Samy Deluxe und mit den Coaches seines Vereins \u201eSalutDeluxe e. V. verbringen. <a href=\"https:\/\/www.deine-zukunft-ist-bunt.de\/betrieb-trifft-schule\/\">https:\/\/www.deine-zukunft-ist-bunt.de\/betrieb-trifft-schule\/<\/a><\/p>\n<p>Am Donnerstag, 24.03.2022 hat zun\u00e4chst die Preisverleihung durch die Vertreter der Firma Brillux (Herrn Waldmann und Herrn Erhard) an die Carl-Friedrich-Gau\u00df-Schule (Herrn Haepe, Frau Klein und Herrn Deisel) und den beteiligten Malerbetrieb G\u00fcnther (Herrn Ederleh) in Anwesenheit der Schuldezernentin (Frau Abts) im gestalteten Multifunktionsraum stattgefunden.<\/p>\n<p>Die Schule freut sich nun auf den Projekttag (am 02.06.2022) voller kreativer Ideen mit Samy Deluxe und den Coaches seines Vereins \u201eSalutDeluxe\u201c.<\/p>\n<p><a href=\"https:\/\/wordpress.nibis.de\/cfgs\/cfg-filme\/\">CFG-Filme \u2013 Carl-Friedrich-Gau\u00df-Schule Gro\u00df Schneen (nibis.de)<\/a><\/p>\n<p>\u00a0<\/p>\n<p>\u00a0<\/p>\n","protected":false},"excerpt":{"rendered":"<p>\u201eDeine Zukunft ist bunt\u201c &#8211; Die Carl-Friedrich-Gau\u00df-Schule in Gro\u00df Schneen\u00a0ist Sieger des deutschlandweiten Schulwettbewerbes zur Berufsorientierung!<\/p>\n","protected":false},"author":9193666,"featured_media":1494,"comment_status":"closed","ping_status":"closed","sticky":false,"template":"","format":"standard","meta":{"footnotes":""},"categories":[27],"tags":[],"class_list":["post-4516","post","type-post","status-publish","format-standard","has-post-thumbnail","hentry","category-uncategorized"],"_links":{"self":[{"href":"https:\/\/wordpress.nibis.de\/cfgs\/wp-json\/wp\/v2\/posts\/4516","targetHints":{"allow":["GET"]}}],"collection":[{"href":"https:\/\/wordpress.nibis.de\/cfgs\/wp-json\/wp\/v2\/posts"}],"about":[{"href":"https:\/\/wordpress.nibis.de\/cfgs\/wp-json\/wp\/v2\/types\/post"}],"author":[{"embeddable":true,"href":"https:\/\/wordpress.nibis.de\/cfgs\/wp-json\/wp\/v2\/users\/9193666"}],"replies":[{"embeddable":true,"href":"https:\/\/wordpress.nibis.de\/cfgs\/wp-json\/wp\/v2\/comments?post=4516"}],"version-history":[{"count":7,"href":"https:\/\/wordpress.nibis.de\/cfgs\/wp-json\/wp\/v2\/posts\/4516\/revisions"}],"predecessor-version":[{"id":4983,"href":"https:\/\/wordpress.nibis.de\/cfgs\/wp-json\/wp\/v2\/posts\/4516\/revisions\/4983"}],"wp:featuredmedia":[{"embeddable":true,"href":"https:\/\/wordpress.nibis.de\/cfgs\/wp-json\/wp\/v2\/media\/1494"}],"wp:attachment":[{"href":"https:\/\/wordpress.nibis.de\/cfgs\/wp-json\/wp\/v2\/media?parent=4516"}],"wp:term":[{"taxonomy":"category","embeddable":true,"href":"https:\/\/wordpress.nibis.de\/cfgs\/wp-json\/wp\/v2\/categories?post=4516"},{"taxonomy":"post_tag","embeddable":true,"href":"https:\/\/wordpress.nibis.de\/cfgs\/wp-json\/wp\/v2\/tags?post=4516"}],"curies":[{"name":"wp","href":"https:\/\/api.w.org\/{rel}","templated":true}]}}