{"id":5283,"date":"2022-12-11T12:44:07","date_gmt":"2022-12-11T11:44:07","guid":{"rendered":"https:\/\/wordpress.nibis.de\/cfgs\/?p=5283"},"modified":"2023-01-06T14:39:51","modified_gmt":"2023-01-06T13:39:51","slug":"besuch-im-goettinger-kunsthaus","status":"publish","type":"post","link":"https:\/\/wordpress.nibis.de\/cfgs\/besuch-im-goettinger-kunsthaus\/","title":{"rendered":"Besuch im G\u00f6ttinger Kunsthaus"},"content":{"rendered":"\n<p>Am Dienstag, 29.12., besuchte der WPK-Kunst des 10. Jahrgangs in Begleitung von Frau Pfuhl das G\u00f6ttinger Kunsthaus.<br>Zun\u00e4chst ging es in dem architektonisch beeindruckendem Geb\u00e4ude in die drei aktuellen Ausstellungsr\u00e4ume.<br>Diese zeigten z. B. optische T\u00e4uschungen im Sinne von fotorealistischen Wandbemalungen bis zu einer Rauminstallation, deren dort gezogene Gummib\u00e4nder und Linien an den W\u00e4nden die Grenzen des Raumes erfahrbar machten.<br>Abschlie\u00dfend konnten die Jugendlichen in einem Zeichenworkshop das optische T\u00e4uschen selber erlernen. Ein zun\u00e4chst in ein A4 Blatt eingef\u00fcgtes Loch sollte fotorealistisch mit verschiedenen Bleistiften nachgezeichnet werden. Die im Kunstunterricht erlernten Techniken der Tonwerte konnten hierbei sinnvoll umgesetzt werden.<\/p>\n\n\n\n<figure class=\"wp-block-gallery has-nested-images columns-default is-cropped wp-block-gallery-1 is-layout-flex wp-block-gallery-is-layout-flex\">\n\n\n<figure class=\"wp-block-image size-large\"><img loading=\"lazy\" decoding=\"async\" width=\"360\" height=\"480\" data-id=\"5284\" src=\"https:\/\/wordpress.nibis.de\/cfgs\/files\/7A940F71-B662-493C-9424-AA14C71A510E-360x480.jpeg\" alt=\"\" class=\"wp-image-5284\" srcset=\"https:\/\/wordpress.nibis.de\/cfgs\/files\/7A940F71-B662-493C-9424-AA14C71A510E-360x480.jpeg 360w, https:\/\/wordpress.nibis.de\/cfgs\/files\/7A940F71-B662-493C-9424-AA14C71A510E-225x300.jpeg 225w, https:\/\/wordpress.nibis.de\/cfgs\/files\/7A940F71-B662-493C-9424-AA14C71A510E-768x1024.jpeg 768w, https:\/\/wordpress.nibis.de\/cfgs\/files\/7A940F71-B662-493C-9424-AA14C71A510E-1152x1536.jpeg 1152w, https:\/\/wordpress.nibis.de\/cfgs\/files\/7A940F71-B662-493C-9424-AA14C71A510E-1536x2048.jpeg 1536w, https:\/\/wordpress.nibis.de\/cfgs\/files\/7A940F71-B662-493C-9424-AA14C71A510E-scaled.jpeg 1920w\" sizes=\"auto, (max-width: 360px) 100vw, 360px\" \/><\/figure>\n\n\n\n\n<\/figure>\n\n\n","protected":false},"excerpt":{"rendered":"<p>Am Dienstag, 29.12., besuchte der WPK-Kunst des 10. Jahrgangs in Begleitung von Frau Pfuhl das G\u00f6ttinger Kunsthaus.<br \/>\nZun\u00e4chst ging es in dem architektonisch beeindruckendem Geb\u00e4ude in die drei aktuellen Ausstellungsr\u00e4ume. &#8230;<\/p>\n","protected":false},"author":9193666,"featured_media":0,"comment_status":"closed","ping_status":"closed","sticky":false,"template":"","format":"standard","meta":{"footnotes":""},"categories":[27],"tags":[],"class_list":["post-5283","post","type-post","status-publish","format-standard","hentry","category-uncategorized"],"_links":{"self":[{"href":"https:\/\/wordpress.nibis.de\/cfgs\/wp-json\/wp\/v2\/posts\/5283","targetHints":{"allow":["GET"]}}],"collection":[{"href":"https:\/\/wordpress.nibis.de\/cfgs\/wp-json\/wp\/v2\/posts"}],"about":[{"href":"https:\/\/wordpress.nibis.de\/cfgs\/wp-json\/wp\/v2\/types\/post"}],"author":[{"embeddable":true,"href":"https:\/\/wordpress.nibis.de\/cfgs\/wp-json\/wp\/v2\/users\/9193666"}],"replies":[{"embeddable":true,"href":"https:\/\/wordpress.nibis.de\/cfgs\/wp-json\/wp\/v2\/comments?post=5283"}],"version-history":[{"count":2,"href":"https:\/\/wordpress.nibis.de\/cfgs\/wp-json\/wp\/v2\/posts\/5283\/revisions"}],"predecessor-version":[{"id":5296,"href":"https:\/\/wordpress.nibis.de\/cfgs\/wp-json\/wp\/v2\/posts\/5283\/revisions\/5296"}],"wp:attachment":[{"href":"https:\/\/wordpress.nibis.de\/cfgs\/wp-json\/wp\/v2\/media?parent=5283"}],"wp:term":[{"taxonomy":"category","embeddable":true,"href":"https:\/\/wordpress.nibis.de\/cfgs\/wp-json\/wp\/v2\/categories?post=5283"},{"taxonomy":"post_tag","embeddable":true,"href":"https:\/\/wordpress.nibis.de\/cfgs\/wp-json\/wp\/v2\/tags?post=5283"}],"curies":[{"name":"wp","href":"https:\/\/api.w.org\/{rel}","templated":true}]}}