{"id":5429,"date":"2023-03-02T14:46:51","date_gmt":"2023-03-02T13:46:51","guid":{"rendered":"https:\/\/wordpress.nibis.de\/cfgs\/?p=5429"},"modified":"2023-06-14T08:56:14","modified_gmt":"2023-06-14T06:56:14","slug":"delf-pruefung-diplome-d-etudes-francaise","status":"publish","type":"post","link":"https:\/\/wordpress.nibis.de\/cfgs\/delf-pruefung-diplome-d-etudes-francaise\/","title":{"rendered":"DELF-Pr\u00fcfung  &#8222;Dipl\u00f4me d&#8216; \u00e9tudes fran\u00e7aise&#8220;"},"content":{"rendered":"\n<div class=\"x11i5rnm xat24cr x1mh8g0r x1vvkbs xdj266r x126k92a\">\n<div dir=\"auto\">Am 22. Januar 1963 haben Bundeskanzler Konrad Adenauer und der franz\u00f6sische Pr\u00e4sident Charles de Gaulle den deutsch- franz\u00f6sischen Freundschaftsvertrag geschlossen. Aus Feinden wurden Freunde und diese Freundschaft besteht in diesem Jahr seit 60 Jahren. Gelebt wird diese Freundschaft in unz\u00e4hligen Partnerschaften zwischen Gemeinden in Deutschland und Frankreich. Bei uns in Gro\u00df Schneen k\u00f6nnen wir in diesem Jahr auf 50 Jahre gelebte Partnerschaft mit Houdan blicken.<\/div>\n<div dir=\"auto\">Passend zum Jubil\u00e4um beteiligen sich am 21. Januar\u00a0 unsere Sch\u00fclerinnen und Sch\u00fcler unserer Carl-Friedrich-Gau\u00df-Schule freiwillig an der DELF-Pr\u00fcfung ( Dipl\u00f4me d&#8216; \u00e9tudes fran\u00e7aise), der franz\u00f6sischen Sprachpr\u00fcfung, die wir im Theodor-Heuss-Gymnasium in G\u00f6ttingen abnehmen.<\/div>\n<\/div>\n<div class=\"x11i5rnm xat24cr x1mh8g0r x1vvkbs xtlvy1s x126k92a\">\n<div dir=\"auto\">Le 22 janvier 1963, le chancelier f\u00e9d\u00e9ral Konrad Adenauer et le pr\u00e9sident fran\u00e7ais Charles de Gaulle ont sign\u00e9 le trait\u00e9 d&#8217;amiti\u00e9 franco-allemand. Les ennemis sont devenus amis et cette amiti\u00e9 a son 60 i\u00e8me anniversaire cette ann\u00e9e. Cette amiti\u00e9 se concr\u00e9tise dans d&#8217;innombrables partenariats entre des communaut\u00e9s en Allemagne et en France. Ici \u00e0 Gross Schneen, nous pouvons nous rem\u00e9morer cette ann\u00e9e \u00e0 50 ans de partenariat avec Houdan.<\/div>\n<div dir=\"auto\">Dans le cadre de cet anniversaire, nos \u00e9l\u00e8ves de notre coll\u00e8ge Carl-Friedrich-Gau\u00df passent volontairement l&#8217;examen DELF (Dipl\u00f4me d&#8217;\u00e9tudes fran\u00e7aises), l&#8217;examen de fran\u00e7ais que nous passons au Theodor-Heuss-Gymnasium de G\u00f6ttingen.<\/div>\n<div dir=\"auto\">\u00a0<\/div>\n<\/div>\n\n\n\n<figure class=\"wp-block-gallery has-nested-images columns-default is-cropped wp-block-gallery-1 is-layout-flex wp-block-gallery-is-layout-flex\">\n<figure class=\"wp-block-image size-large\"><img loading=\"lazy\" decoding=\"async\" width=\"360\" height=\"480\" data-id=\"5430\" src=\"https:\/\/wordpress.nibis.de\/cfgs\/files\/326594203_1393555778113532_8643259341546441466_n-360x480.jpg\" alt=\"\" class=\"wp-image-5430\" srcset=\"https:\/\/wordpress.nibis.de\/cfgs\/files\/326594203_1393555778113532_8643259341546441466_n-360x480.jpg 360w, https:\/\/wordpress.nibis.de\/cfgs\/files\/326594203_1393555778113532_8643259341546441466_n-225x300.jpg 225w, https:\/\/wordpress.nibis.de\/cfgs\/files\/326594203_1393555778113532_8643259341546441466_n.jpg 450w\" sizes=\"auto, (max-width: 360px) 100vw, 360px\" \/><\/figure>\n\n\n\n<figure class=\"wp-block-image size-large\"><img loading=\"lazy\" decoding=\"async\" width=\"600\" height=\"450\" data-id=\"5431\" src=\"https:\/\/wordpress.nibis.de\/cfgs\/files\/323299866_1218514805743858_5145656302522483032_n.jpg\" alt=\"\" class=\"wp-image-5431\" srcset=\"https:\/\/wordpress.nibis.de\/cfgs\/files\/323299866_1218514805743858_5145656302522483032_n.jpg 600w, https:\/\/wordpress.nibis.de\/cfgs\/files\/323299866_1218514805743858_5145656302522483032_n-300x225.jpg 300w\" sizes=\"auto, (max-width: 600px) 100vw, 600px\" \/><\/figure>\n<\/figure>\n","protected":false},"excerpt":{"rendered":"<p>Am 22. Januar 1963 haben Bundeskanzler Konrad Adenauer und der franz\u00f6sische Pr\u00e4sident Charles de Gaulle den deutsch- franz\u00f6sischen Freundschaftsvertrag geschlossen. Aus Feinden wurden Freunde und diese Freundschaft besteht in diesem Jahr seit 60 Jahren.<\/p>\n","protected":false},"author":9193666,"featured_media":5430,"comment_status":"closed","ping_status":"closed","sticky":false,"template":"","format":"standard","meta":{"footnotes":""},"categories":[27],"tags":[],"class_list":["post-5429","post","type-post","status-publish","format-standard","has-post-thumbnail","hentry","category-uncategorized"],"_links":{"self":[{"href":"https:\/\/wordpress.nibis.de\/cfgs\/wp-json\/wp\/v2\/posts\/5429","targetHints":{"allow":["GET"]}}],"collection":[{"href":"https:\/\/wordpress.nibis.de\/cfgs\/wp-json\/wp\/v2\/posts"}],"about":[{"href":"https:\/\/wordpress.nibis.de\/cfgs\/wp-json\/wp\/v2\/types\/post"}],"author":[{"embeddable":true,"href":"https:\/\/wordpress.nibis.de\/cfgs\/wp-json\/wp\/v2\/users\/9193666"}],"replies":[{"embeddable":true,"href":"https:\/\/wordpress.nibis.de\/cfgs\/wp-json\/wp\/v2\/comments?post=5429"}],"version-history":[{"count":2,"href":"https:\/\/wordpress.nibis.de\/cfgs\/wp-json\/wp\/v2\/posts\/5429\/revisions"}],"predecessor-version":[{"id":5627,"href":"https:\/\/wordpress.nibis.de\/cfgs\/wp-json\/wp\/v2\/posts\/5429\/revisions\/5627"}],"wp:featuredmedia":[{"embeddable":true,"href":"https:\/\/wordpress.nibis.de\/cfgs\/wp-json\/wp\/v2\/media\/5430"}],"wp:attachment":[{"href":"https:\/\/wordpress.nibis.de\/cfgs\/wp-json\/wp\/v2\/media?parent=5429"}],"wp:term":[{"taxonomy":"category","embeddable":true,"href":"https:\/\/wordpress.nibis.de\/cfgs\/wp-json\/wp\/v2\/categories?post=5429"},{"taxonomy":"post_tag","embeddable":true,"href":"https:\/\/wordpress.nibis.de\/cfgs\/wp-json\/wp\/v2\/tags?post=5429"}],"curies":[{"name":"wp","href":"https:\/\/api.w.org\/{rel}","templated":true}]}}