{"id":5571,"date":"2023-05-09T11:26:03","date_gmt":"2023-05-09T09:26:03","guid":{"rendered":"https:\/\/wordpress.nibis.de\/cfgs\/?p=5571"},"modified":"2023-06-14T08:47:32","modified_gmt":"2023-06-14T06:47:32","slug":"heute-ist-europatag","status":"publish","type":"post","link":"https:\/\/wordpress.nibis.de\/cfgs\/heute-ist-europatag\/","title":{"rendered":"Heute ist Europatag&#8230;"},"content":{"rendered":"\n<p>Passend zum Europatag, am\u00a0 09. Mai 2023 konnten wir am Vortag den bekannten Mainzer Politologen <a href=\"https:\/\/www.dokulive.eu\/\">Ingo Espenschied<\/a> in unserer Schule begr\u00fc\u00dfen.<\/p>\n<p>Ingo Espenschied hielt multimedial unterst\u00fctzt einen spannenden Vortrag \u00fcber den &#8222;Elys\u00e9e-Vertrag&#8220;, der am 22. Januar 1963 zwischen dem franz\u00f6sischen Pr\u00e4sidenten Charles de Gaulle und dem Bundeskanzler Konrad Adenauer beschlossen und unterzeichnet wurde. Bereits mehrfach hatten wir Ingo Espenschied in unserer Schule zu Gast. Mit seinen lebendigen Vortr\u00e4gen begeistert er die Sch\u00fclerinnen und Sch\u00fcler jedes Mal in beeindruckender Weise f\u00fcr historische Themen.<\/p>\n<p>In der abschlie\u00dfenden Fragerunde konnte unsere Sch\u00fclerinnen des 9. und 10. Jahrgangs noch Fragen stellen und mit Herrn Espenschied diskutieren.<\/p>\n<p>Herzlichen Dank an die <a href=\"https:\/\/goettingen.europa-union.de\/\">Europa-Union<\/a> und den Vorsitzenden Harm Adam, der uns diesen Besuch erm\u00f6glicht hat. Wir freuen uns schon auf das n\u00e4chste Mal.<\/p>\n<p>\u00a0<\/p>\n\n\n\n<figure class=\"wp-block-gallery has-nested-images columns-default is-cropped wp-block-gallery-1 is-layout-flex wp-block-gallery-is-layout-flex\">\n<figure class=\"wp-block-image size-large\"><img loading=\"lazy\" decoding=\"async\" width=\"1020\" height=\"765\" data-id=\"5564\" src=\"http:\/\/wordpress.nibis.de\/cfgs\/files\/20230508_100608.jpg\" alt=\"\" class=\"wp-image-5564\" srcset=\"https:\/\/wordpress.nibis.de\/cfgs\/files\/20230508_100608.jpg 1020w, https:\/\/wordpress.nibis.de\/cfgs\/files\/20230508_100608-300x225.jpg 300w, https:\/\/wordpress.nibis.de\/cfgs\/files\/20230508_100608-640x480.jpg 640w, https:\/\/wordpress.nibis.de\/cfgs\/files\/20230508_100608-768x576.jpg 768w\" sizes=\"auto, (max-width: 1020px) 100vw, 1020px\" \/><\/figure>\n\n\n\n<figure class=\"wp-block-image size-large\"><img loading=\"lazy\" decoding=\"async\" width=\"1020\" height=\"765\" data-id=\"5566\" src=\"http:\/\/wordpress.nibis.de\/cfgs\/files\/20230509_110743.jpg\" alt=\"\" class=\"wp-image-5566\" srcset=\"https:\/\/wordpress.nibis.de\/cfgs\/files\/20230509_110743.jpg 1020w, https:\/\/wordpress.nibis.de\/cfgs\/files\/20230509_110743-300x225.jpg 300w, https:\/\/wordpress.nibis.de\/cfgs\/files\/20230509_110743-640x480.jpg 640w, https:\/\/wordpress.nibis.de\/cfgs\/files\/20230509_110743-768x576.jpg 768w\" sizes=\"auto, (max-width: 1020px) 100vw, 1020px\" \/><\/figure>\n<\/figure>\n","protected":false},"excerpt":{"rendered":"<p>Passend zum Europatag, am\u00a0 09. Mai 2023 konnten wir am Vortag den bekannten Mainzer Politologen Ingo Espenschied in unserer Schule begr\u00fc\u00dfen.<\/p>\n","protected":false},"author":9193666,"featured_media":5566,"comment_status":"closed","ping_status":"closed","sticky":false,"template":"","format":"standard","meta":{"footnotes":""},"categories":[27],"tags":[],"class_list":["post-5571","post","type-post","status-publish","format-standard","has-post-thumbnail","hentry","category-uncategorized"],"_links":{"self":[{"href":"https:\/\/wordpress.nibis.de\/cfgs\/wp-json\/wp\/v2\/posts\/5571","targetHints":{"allow":["GET"]}}],"collection":[{"href":"https:\/\/wordpress.nibis.de\/cfgs\/wp-json\/wp\/v2\/posts"}],"about":[{"href":"https:\/\/wordpress.nibis.de\/cfgs\/wp-json\/wp\/v2\/types\/post"}],"author":[{"embeddable":true,"href":"https:\/\/wordpress.nibis.de\/cfgs\/wp-json\/wp\/v2\/users\/9193666"}],"replies":[{"embeddable":true,"href":"https:\/\/wordpress.nibis.de\/cfgs\/wp-json\/wp\/v2\/comments?post=5571"}],"version-history":[{"count":2,"href":"https:\/\/wordpress.nibis.de\/cfgs\/wp-json\/wp\/v2\/posts\/5571\/revisions"}],"predecessor-version":[{"id":5619,"href":"https:\/\/wordpress.nibis.de\/cfgs\/wp-json\/wp\/v2\/posts\/5571\/revisions\/5619"}],"wp:featuredmedia":[{"embeddable":true,"href":"https:\/\/wordpress.nibis.de\/cfgs\/wp-json\/wp\/v2\/media\/5566"}],"wp:attachment":[{"href":"https:\/\/wordpress.nibis.de\/cfgs\/wp-json\/wp\/v2\/media?parent=5571"}],"wp:term":[{"taxonomy":"category","embeddable":true,"href":"https:\/\/wordpress.nibis.de\/cfgs\/wp-json\/wp\/v2\/categories?post=5571"},{"taxonomy":"post_tag","embeddable":true,"href":"https:\/\/wordpress.nibis.de\/cfgs\/wp-json\/wp\/v2\/tags?post=5571"}],"curies":[{"name":"wp","href":"https:\/\/api.w.org\/{rel}","templated":true}]}}