{"id":5610,"date":"2023-05-26T14:26:45","date_gmt":"2023-05-26T12:26:45","guid":{"rendered":"https:\/\/wordpress.nibis.de\/cfgs\/?p=5610"},"modified":"2024-03-09T12:10:16","modified_gmt":"2024-03-09T11:10:16","slug":"nebenbei-im-unterricht-gesunde-ernaehrung-lernen-schulobst-an-der-cfgs","status":"publish","type":"post","link":"https:\/\/wordpress.nibis.de\/cfgs\/nebenbei-im-unterricht-gesunde-ernaehrung-lernen-schulobst-an-der-cfgs\/","title":{"rendered":"Nebenbei im Unterricht gesunde Ern\u00e4hrung lernen \u2013 Schulobst an der CFGS"},"content":{"rendered":"\n<p>\u00a0<\/p>\n<p>Ab dem zweiten Halbjahr des Schuljahres 2022\/2023 d\u00fcrfen die Sch\u00fclerinnen und Sch\u00fcler unserer Schule an unserem Schulobstprogramm teilnehmen. F\u00fcr 10,00 Euro im Halbjahr erhalten die Sch\u00fclerinnen und Sch\u00fcler jeden Dienstag frisches Obst und Gem\u00fcse von dem regionalen Bio-Lieferdienst Lotta-Karotta in Gleichen.<\/p>\n<p>So kommen die Sch\u00fclerinnen und Sch\u00fcler dann in den Genuss von verschiedenen Obst- und Gem\u00fcsesorten wie z.B. \u00c4pfel, M\u00f6hren, Bananen, Mandarinen und noch vielem mehr.\u00a0<\/p>\n<p>An diesen Tagen sollen die Kinder, die an unserem Schulobstprogramm teilnehmen, kein zus\u00e4tzliches Obst oder Gem\u00fcse in ihrer Brotdose mitf\u00fchren, denn im Sinne der Nachhaltigkeit m\u00f6chten wir nat\u00fcrlich so wenig Reste wie m\u00f6glich produzieren.<\/p>\n<p>Die Resonanz fiel laut den Klassenlehrkr\u00e4ften sehr positiv aus: Die Sch\u00fclerinnen und Sch\u00fcler genie\u00dfen in den 7.\/8. Stunden das Obst und mit so viel Vitaminkick l\u00e4sst es sich auch doppelt besser lernen.<\/p>\n<p>Leider unterst\u00fctzt das Land Niedersachsen das EU-Schulobstprogramm nur in Kindertagesst\u00e4tten, Primarbereich und an F\u00f6rderschulen bis Klasse 6, jedoch sollte das Thema \u201eGesunde Ern\u00e4hrung\u201c auch an den weiterf\u00fchrenden Schulen genauso viel Aufmerksamkeit und F\u00f6rderung erhalten, denn die Essgewohnheiten ver\u00e4ndern sich bekanntlich in der Pubert\u00e4t pl\u00f6tzlich &#8211;\u00a0 nicht nur immer zum Guten.<\/p>\n<p>\u00a0<\/p>\n\n\n\n<figure class=\"wp-block-image size-full\"><img decoding=\"async\" src=\"https:\/\/wordpress.nibis.de\/cfgs\/files\/Apfel-500x300-1.jpg\" alt=\"\" class=\"wp-image-5795\" \/><\/figure>\n","protected":false},"excerpt":{"rendered":"<p>Ab dem zweiten Halbjahr des Schuljahres 2022\/2023 d\u00fcrfen die Sch\u00fclerinnen und Sch\u00fcler unserer Schule an unserem Schulobstprogramm teilnehmen. F\u00fcr 10,00 Euro im Halbjahr erhalten die Sch\u00fclerinnen und Sch\u00fcler jeden Dienstag frisches Obst und Gem\u00fcse von dem regionalen Bio-Lieferdienst Lotta-Karotta in Gleichen.<\/p>\n","protected":false},"author":9193666,"featured_media":6139,"comment_status":"closed","ping_status":"closed","sticky":false,"template":"","format":"standard","meta":{"footnotes":""},"categories":[26,43],"tags":[],"class_list":["post-5610","post","type-post","status-publish","format-standard","has-post-thumbnail","hentry","category-schulaktuelles","category-umweltschule"],"_links":{"self":[{"href":"https:\/\/wordpress.nibis.de\/cfgs\/wp-json\/wp\/v2\/posts\/5610","targetHints":{"allow":["GET"]}}],"collection":[{"href":"https:\/\/wordpress.nibis.de\/cfgs\/wp-json\/wp\/v2\/posts"}],"about":[{"href":"https:\/\/wordpress.nibis.de\/cfgs\/wp-json\/wp\/v2\/types\/post"}],"author":[{"embeddable":true,"href":"https:\/\/wordpress.nibis.de\/cfgs\/wp-json\/wp\/v2\/users\/9193666"}],"replies":[{"embeddable":true,"href":"https:\/\/wordpress.nibis.de\/cfgs\/wp-json\/wp\/v2\/comments?post=5610"}],"version-history":[{"count":3,"href":"https:\/\/wordpress.nibis.de\/cfgs\/wp-json\/wp\/v2\/posts\/5610\/revisions"}],"predecessor-version":[{"id":5796,"href":"https:\/\/wordpress.nibis.de\/cfgs\/wp-json\/wp\/v2\/posts\/5610\/revisions\/5796"}],"wp:featuredmedia":[{"embeddable":true,"href":"https:\/\/wordpress.nibis.de\/cfgs\/wp-json\/wp\/v2\/media\/6139"}],"wp:attachment":[{"href":"https:\/\/wordpress.nibis.de\/cfgs\/wp-json\/wp\/v2\/media?parent=5610"}],"wp:term":[{"taxonomy":"category","embeddable":true,"href":"https:\/\/wordpress.nibis.de\/cfgs\/wp-json\/wp\/v2\/categories?post=5610"},{"taxonomy":"post_tag","embeddable":true,"href":"https:\/\/wordpress.nibis.de\/cfgs\/wp-json\/wp\/v2\/tags?post=5610"}],"curies":[{"name":"wp","href":"https:\/\/api.w.org\/{rel}","templated":true}]}}