{"id":5692,"date":"2023-09-12T12:38:05","date_gmt":"2023-09-12T10:38:05","guid":{"rendered":"https:\/\/wordpress.nibis.de\/cfgs\/?p=5692"},"modified":"2023-12-19T15:35:59","modified_gmt":"2023-12-19T14:35:59","slug":"carl-friedrich-gauss-schule-geht-kooperation-mit-goettinger-funkamateuren-ein","status":"publish","type":"post","link":"https:\/\/wordpress.nibis.de\/cfgs\/carl-friedrich-gauss-schule-geht-kooperation-mit-goettinger-funkamateuren-ein\/","title":{"rendered":"Carl-Friedrich-Gau\u00df-Schule geht Kooperation mit G\u00f6ttinger Funkamateuren ein"},"content":{"rendered":"\n<p>An der Carl-Friedrich-Gau\u00df-Schule in Gro\u00df Schneen, die auch ausgezeichnete \u00a0MINT_Schule ist, \u00a0gibt es seit dem letzten Schuljahr eine Amateurfunkschulstation. Dort haben die Sch\u00fclerInnen die M\u00f6glichkeit, im Rahmen des Unterrichts an dem weltweiten Amateurfunkdienst teilzunehmen. Ein besonderes Highlight war im letzten Schuljahr die einst\u00fcndige Funkverbindung mit der deutschen Forschungsstation in der Antarktis und dem Forschungsschiff Polarstern auf seiner R\u00fcckreise aus der Antarktis.<\/p>\n<p>Durch die Kooperation bekommt der f\u00fcr die Schulstation verantwortliche Lehrer, Herr Richardt, unter anderem bei unterrichtlichen Aktivit\u00e4ten Unterst\u00fctzung durch die G\u00f6ttinger Funkamateure vom Ortsverband G\u00f6ttingen des Deutschen Amateur Radio Club e.V.<\/p>\n\n\n\n<figure class=\"wp-block-image size-large\"><img loading=\"lazy\" decoding=\"async\" width=\"640\" height=\"480\" src=\"https:\/\/wordpress.nibis.de\/cfgs\/files\/IMG_20230912_092555-1-640x480.jpg\" alt=\"\" class=\"wp-image-5694\" srcset=\"https:\/\/wordpress.nibis.de\/cfgs\/files\/IMG_20230912_092555-1-640x480.jpg 640w, https:\/\/wordpress.nibis.de\/cfgs\/files\/IMG_20230912_092555-1-300x225.jpg 300w, https:\/\/wordpress.nibis.de\/cfgs\/files\/IMG_20230912_092555-1-768x576.jpg 768w, https:\/\/wordpress.nibis.de\/cfgs\/files\/IMG_20230912_092555-1-1536x1152.jpg 1536w, https:\/\/wordpress.nibis.de\/cfgs\/files\/IMG_20230912_092555-1-2048x1536.jpg 2048w\" sizes=\"auto, (max-width: 640px) 100vw, 640px\" \/><figcaption>Bildunterschrift:<br>Jens Haepe, Oberschuldirektor und Klaus Fl\u00f6er, dl3kf, Vors. OV G\u00f6ttingen des DARC e.V., beim Unterzeichnen des Kooperationsvertrages<\/figcaption><\/figure>\n","protected":false},"excerpt":{"rendered":"<p>An der Carl-Friedrich-Gau\u00df-Schule in Gro\u00df Schneen, die auch ausgezeichnete \u00a0MINT_Schule ist, \u00a0gibt es seit dem letzten Schuljahr eine Amateurfunkschulstation. Dort haben die Sch\u00fclerInnen die M\u00f6glichkeit, im Rahmen des Unterrichts an dem weltweiten Amateurfunkdienst teilzunehmen.<\/p>\n","protected":false},"author":9193666,"featured_media":5277,"comment_status":"closed","ping_status":"closed","sticky":false,"template":"","format":"standard","meta":{"footnotes":""},"categories":[27],"tags":[],"class_list":["post-5692","post","type-post","status-publish","format-standard","has-post-thumbnail","hentry","category-uncategorized"],"_links":{"self":[{"href":"https:\/\/wordpress.nibis.de\/cfgs\/wp-json\/wp\/v2\/posts\/5692","targetHints":{"allow":["GET"]}}],"collection":[{"href":"https:\/\/wordpress.nibis.de\/cfgs\/wp-json\/wp\/v2\/posts"}],"about":[{"href":"https:\/\/wordpress.nibis.de\/cfgs\/wp-json\/wp\/v2\/types\/post"}],"author":[{"embeddable":true,"href":"https:\/\/wordpress.nibis.de\/cfgs\/wp-json\/wp\/v2\/users\/9193666"}],"replies":[{"embeddable":true,"href":"https:\/\/wordpress.nibis.de\/cfgs\/wp-json\/wp\/v2\/comments?post=5692"}],"version-history":[{"count":2,"href":"https:\/\/wordpress.nibis.de\/cfgs\/wp-json\/wp\/v2\/posts\/5692\/revisions"}],"predecessor-version":[{"id":5861,"href":"https:\/\/wordpress.nibis.de\/cfgs\/wp-json\/wp\/v2\/posts\/5692\/revisions\/5861"}],"wp:featuredmedia":[{"embeddable":true,"href":"https:\/\/wordpress.nibis.de\/cfgs\/wp-json\/wp\/v2\/media\/5277"}],"wp:attachment":[{"href":"https:\/\/wordpress.nibis.de\/cfgs\/wp-json\/wp\/v2\/media?parent=5692"}],"wp:term":[{"taxonomy":"category","embeddable":true,"href":"https:\/\/wordpress.nibis.de\/cfgs\/wp-json\/wp\/v2\/categories?post=5692"},{"taxonomy":"post_tag","embeddable":true,"href":"https:\/\/wordpress.nibis.de\/cfgs\/wp-json\/wp\/v2\/tags?post=5692"}],"curies":[{"name":"wp","href":"https:\/\/api.w.org\/{rel}","templated":true}]}}