{"id":5803,"date":"2023-10-15T21:56:44","date_gmt":"2023-10-15T19:56:44","guid":{"rendered":"https:\/\/wordpress.nibis.de\/cfgs\/?p=5803"},"modified":"2023-10-15T21:56:46","modified_gmt":"2023-10-15T19:56:46","slug":"studienfahrt-valencia-2023","status":"publish","type":"post","link":"https:\/\/wordpress.nibis.de\/cfgs\/studienfahrt-valencia-2023\/","title":{"rendered":"Studienfahrt Valencia 2023"},"content":{"rendered":"\n<p>Im vergangenen September erlebten 36 Sch\u00fclerinnen und Sch\u00fcler der Jahrg\u00e4nge 9 und 10 eine aufregende Woche, in der sie dem herbstlichen Wetter in Gro\u00df Schneen entflohen und stattdessen eine Reise in den sonnigen S\u00fcden unternahmen &#8211; genauer gesagt nach Valencia. Sie und die begleitenden Lehrkr\u00e4fte waren in einem zentral gelegenen Hostel der Gro\u00dfstadt untergebracht.<\/p>\n<p>W\u00e4hrend ihres Aufenthalts erkundeten die Sch\u00fclerinnen und Sch\u00fcler t\u00e4glich zu Fu\u00df die faszinierende Stadt. Ein H\u00f6hepunkt war der Besuch der &#8222;Ciutat de les Arts i les Ci\u00e8ncies&#8220;, der Stadt der K\u00fcnste und Wissenschaften, mit einem 3D-Kino, einem interaktiven Wissenschaftsmuseum und dem gr\u00f6\u00dften Aquarium Europas. Ein Besuch im Museo Taurino f\u00fchrte die Sch\u00fclerinnen und Sch\u00fcler n\u00e4her an die Geschichte des Stierkampfes heran, der bis heute in der traditionellen valencianischen Stierkampfarena ausgetragen wird. Mit ganzen 207 Stufen erklommen die Sch\u00fclerinnen und Sch\u00fcler den Miguelete-Turm der Kathedrale, um einen Panoramablick \u00fcber die Stadt zu genie\u00dfen. In einer Rallye erkundeten sie verschiedene Sehensw\u00fcrdigkeiten und deren historische Hintergr\u00fcnde. Ein unerwartetes Treffen mit einer spanischen Schulklasse bot den Sch\u00fclerinnen und Sch\u00fclern die Gelegenheit, ihre Spanischkenntnisse auf die Probe zu stellen. Die Reise endete mit einem Tag am Strand, an dem alle die Sonne tankten und im Mittelmeer schwammen. \u00a0\u00a0\u00a0\u00a0\u00a0\u00a0\u00a0\u00a0\u00a0\u00a0\u00a0\u00a0\u00a0\u00a0\u00a0\u00a0\u00a0\u00a0\u00a0\u00a0\u00a0\u00a0\u00a0\u00a0\u00a0\u00a0\u00a0\u00a0\u00a0\u00a0\u00a0\u00a0\u00a0\u00a0\u00a0\u00a0\u00a0\u00a0\u00a0\u00a0\u00a0\u00a0\u00a0\u00a0\u00a0\u00a0\u00a0\u00a0\u00a0\u00a0\u00a0\u00a0\u00a0\u00a0\u00a0\u00a0\u00a0\u00a0\u00a0\u00a0\u00a0\u00a0\u00a0<\/p>\n<p>Die Studienfahrt nach Valencia war zweifelsohne ein unvergessliches Ereignis f\u00fcr alle Beteiligten, einschlie\u00dflich der Lehrkr\u00e4fte!<\/p>\n<p>\u00a0<\/p>\n","protected":false},"excerpt":{"rendered":"<p>Im vergangenen September erlebten 36 Sch\u00fclerinnen und Sch\u00fcler der Jahrg\u00e4nge 9 und 10 eine aufregende Woche, in der sie dem herbstlichen Wetter in Gro\u00df Schneen entflohen und stattdessen eine Reise<\/p>\n","protected":false},"author":9193666,"featured_media":5804,"comment_status":"closed","ping_status":"closed","sticky":false,"template":"","format":"standard","meta":{"footnotes":""},"categories":[27],"tags":[],"class_list":["post-5803","post","type-post","status-publish","format-standard","has-post-thumbnail","hentry","category-uncategorized"],"_links":{"self":[{"href":"https:\/\/wordpress.nibis.de\/cfgs\/wp-json\/wp\/v2\/posts\/5803","targetHints":{"allow":["GET"]}}],"collection":[{"href":"https:\/\/wordpress.nibis.de\/cfgs\/wp-json\/wp\/v2\/posts"}],"about":[{"href":"https:\/\/wordpress.nibis.de\/cfgs\/wp-json\/wp\/v2\/types\/post"}],"author":[{"embeddable":true,"href":"https:\/\/wordpress.nibis.de\/cfgs\/wp-json\/wp\/v2\/users\/9193666"}],"replies":[{"embeddable":true,"href":"https:\/\/wordpress.nibis.de\/cfgs\/wp-json\/wp\/v2\/comments?post=5803"}],"version-history":[{"count":1,"href":"https:\/\/wordpress.nibis.de\/cfgs\/wp-json\/wp\/v2\/posts\/5803\/revisions"}],"predecessor-version":[{"id":5805,"href":"https:\/\/wordpress.nibis.de\/cfgs\/wp-json\/wp\/v2\/posts\/5803\/revisions\/5805"}],"wp:featuredmedia":[{"embeddable":true,"href":"https:\/\/wordpress.nibis.de\/cfgs\/wp-json\/wp\/v2\/media\/5804"}],"wp:attachment":[{"href":"https:\/\/wordpress.nibis.de\/cfgs\/wp-json\/wp\/v2\/media?parent=5803"}],"wp:term":[{"taxonomy":"category","embeddable":true,"href":"https:\/\/wordpress.nibis.de\/cfgs\/wp-json\/wp\/v2\/categories?post=5803"},{"taxonomy":"post_tag","embeddable":true,"href":"https:\/\/wordpress.nibis.de\/cfgs\/wp-json\/wp\/v2\/tags?post=5803"}],"curies":[{"name":"wp","href":"https:\/\/api.w.org\/{rel}","templated":true}]}}