{"id":625,"date":"2019-09-06T08:20:00","date_gmt":"2019-09-06T06:20:00","guid":{"rendered":"http:\/\/cfgs-c.jtmey.de\/?p=625"},"modified":"2021-01-06T08:04:46","modified_gmt":"2021-01-06T07:04:46","slug":"ausflug-der-technikschueler-in-das-phaneo-nach-wolfsburg","status":"publish","type":"post","link":"https:\/\/wordpress.nibis.de\/cfgs\/ausflug-der-technikschueler-in-das-phaneo-nach-wolfsburg\/","title":{"rendered":"Ausflug der Techniksch\u00fcler in das Phaneo nach Wolfsburg"},"content":{"rendered":"\n<p><strong>Am 04.09.2019 besuchten die Sch\u00fclerinnen und Sch\u00fcler der Profilkurse Technik&nbsp; der 9. und 10. Jahrg\u00e4nge das Phaeno in Wolfsburg.<\/strong><\/p>\n\n\n\n<p>Die Sch\u00fclerinnen und Sch\u00fcler konnten spannende und interessante Experimente und Versuche ausprobieren. Zudem besuchten sie den Workshop \u201eDaten ICH\u201c mit dem die Sch\u00fclerinnen und Sch\u00fcler mit modernster Technik ihren Fitnesstand \u00fcberpr\u00fcfen konnten. Dies wurde im Anschluss kontrovers diskutiert. F\u00fcr alle Sch\u00fclerinnen und Sch\u00fcler war diese Exkursion eine absolute Bereicherung.<\/p>\n\n\n\n<p>-Jonas Windel-<\/p>\n\n\n\n<figure class=\"wp-block-gallery columns-3 is-cropped wp-block-gallery-1 is-layout-flex wp-block-gallery-is-layout-flex\"><ul class=\"blocks-gallery-grid\"><li class=\"blocks-gallery-item\"><figure><img loading=\"lazy\" decoding=\"async\" width=\"410\" height=\"194\" src=\"http:\/\/wordpress.nibis.de\/cfgs\/files\/phaeno_mint_v1.jpeg\" alt=\"\" data-id=\"628\" data-full-url=\"http:\/\/wordpress.nibis.de\/cfgs\/files\/phaeno_mint_v1.jpeg\" data-link=\"http:\/\/cfgs-c.jtmey.de\/ausflug-der-technikschueler-in-das-phaneo-nach-wolfsburg\/phaeno_mint_v1\" class=\"wp-image-628\" srcset=\"https:\/\/wordpress.nibis.de\/cfgs\/files\/phaeno_mint_v1.jpeg 410w, https:\/\/wordpress.nibis.de\/cfgs\/files\/phaeno_mint_v1-300x142.jpeg 300w\" sizes=\"auto, (max-width: 410px) 100vw, 410px\" \/><\/figure><\/li><li class=\"blocks-gallery-item\"><figure><img loading=\"lazy\" decoding=\"async\" width=\"410\" height=\"308\" src=\"http:\/\/wordpress.nibis.de\/cfgs\/files\/phaeno_mint_v2-1.jpeg\" alt=\"\" data-id=\"629\" data-full-url=\"http:\/\/wordpress.nibis.de\/cfgs\/files\/phaeno_mint_v2-1.jpeg\" data-link=\"http:\/\/cfgs-c.jtmey.de\/ausflug-der-technikschueler-in-das-phaneo-nach-wolfsburg\/phaeno_mint_v2-1\" class=\"wp-image-629\" srcset=\"https:\/\/wordpress.nibis.de\/cfgs\/files\/phaeno_mint_v2-1.jpeg 410w, https:\/\/wordpress.nibis.de\/cfgs\/files\/phaeno_mint_v2-1-300x225.jpeg 300w, https:\/\/wordpress.nibis.de\/cfgs\/files\/phaeno_mint_v2-1-100x75.jpeg 100w\" sizes=\"auto, (max-width: 410px) 100vw, 410px\" \/><\/figure><\/li><li class=\"blocks-gallery-item\"><figure><img loading=\"lazy\" decoding=\"async\" width=\"410\" height=\"308\" src=\"http:\/\/wordpress.nibis.de\/cfgs\/files\/phaeno_mint_v3.jpeg\" alt=\"\" data-id=\"630\" data-full-url=\"http:\/\/wordpress.nibis.de\/cfgs\/files\/phaeno_mint_v3.jpeg\" data-link=\"http:\/\/cfgs-c.jtmey.de\/ausflug-der-technikschueler-in-das-phaneo-nach-wolfsburg\/phaeno_mint_v3\" class=\"wp-image-630\" srcset=\"https:\/\/wordpress.nibis.de\/cfgs\/files\/phaeno_mint_v3.jpeg 410w, https:\/\/wordpress.nibis.de\/cfgs\/files\/phaeno_mint_v3-300x225.jpeg 300w, https:\/\/wordpress.nibis.de\/cfgs\/files\/phaeno_mint_v3-100x75.jpeg 100w\" sizes=\"auto, (max-width: 410px) 100vw, 410px\" \/><\/figure><\/li><\/ul><\/figure>\n","protected":false},"excerpt":{"rendered":"<p>Am 04.09.2019 besuchten die Sch\u00fclerinnen und Sch\u00fcler der Profilkurse Technik  der 9. und 10. Jahrg\u00e4nge das Phaeno in Wolfsburg. Die Sch\u00fclerinnen und Sch\u00fcler konnten spannende und interessante Experimente und Versuche ausprobieren. <\/p>\n","protected":false},"author":277,"featured_media":626,"comment_status":"closed","ping_status":"closed","sticky":false,"template":"","format":"standard","meta":{"footnotes":""},"categories":[26],"tags":[],"class_list":["post-625","post","type-post","status-publish","format-standard","has-post-thumbnail","hentry","category-schulaktuelles"],"_links":{"self":[{"href":"https:\/\/wordpress.nibis.de\/cfgs\/wp-json\/wp\/v2\/posts\/625","targetHints":{"allow":["GET"]}}],"collection":[{"href":"https:\/\/wordpress.nibis.de\/cfgs\/wp-json\/wp\/v2\/posts"}],"about":[{"href":"https:\/\/wordpress.nibis.de\/cfgs\/wp-json\/wp\/v2\/types\/post"}],"author":[{"embeddable":true,"href":"https:\/\/wordpress.nibis.de\/cfgs\/wp-json\/wp\/v2\/users\/277"}],"replies":[{"embeddable":true,"href":"https:\/\/wordpress.nibis.de\/cfgs\/wp-json\/wp\/v2\/comments?post=625"}],"version-history":[{"count":3,"href":"https:\/\/wordpress.nibis.de\/cfgs\/wp-json\/wp\/v2\/posts\/625\/revisions"}],"predecessor-version":[{"id":1797,"href":"https:\/\/wordpress.nibis.de\/cfgs\/wp-json\/wp\/v2\/posts\/625\/revisions\/1797"}],"wp:featuredmedia":[{"embeddable":true,"href":"https:\/\/wordpress.nibis.de\/cfgs\/wp-json\/wp\/v2\/media\/626"}],"wp:attachment":[{"href":"https:\/\/wordpress.nibis.de\/cfgs\/wp-json\/wp\/v2\/media?parent=625"}],"wp:term":[{"taxonomy":"category","embeddable":true,"href":"https:\/\/wordpress.nibis.de\/cfgs\/wp-json\/wp\/v2\/categories?post=625"},{"taxonomy":"post_tag","embeddable":true,"href":"https:\/\/wordpress.nibis.de\/cfgs\/wp-json\/wp\/v2\/tags?post=625"}],"curies":[{"name":"wp","href":"https:\/\/api.w.org\/{rel}","templated":true}]}}