{"id":6427,"date":"2024-05-28T12:41:03","date_gmt":"2024-05-28T10:41:03","guid":{"rendered":"https:\/\/wordpress.nibis.de\/cfgs\/?p=6427"},"modified":"2024-05-30T10:40:11","modified_gmt":"2024-05-30T08:40:11","slug":"wir-sportlich-aktiv-bei-der-tour-d-energie-und-beim-fruehjahrsvolkslauf","status":"publish","type":"post","link":"https:\/\/wordpress.nibis.de\/cfgs\/wir-sportlich-aktiv-bei-der-tour-d-energie-und-beim-fruehjahrsvolkslauf\/","title":{"rendered":"Wir sportlich aktiv bei der Tour d&#8216; Energie und beim Fr\u00fchjahrsvolkslauf"},"content":{"rendered":"\n<div class=\"content-plain\">\n<p>Aus 2 mach 3 mach VIELE Rennradfahrer<\/p>\n<p>Nachdem wir im letzten Jahr nur mit zwei Starterinnen f\u00fcr unsere Schule an der TDE in G\u00f6ttingen teilgenommen hatten, waren es in diesem Jahr am 28.4. schon drei \ud83d\ude09: einen gro\u00dfen Dank an Jan Pf. aus der 7. Klasse, dass er sich als einziger Sch\u00fcler -und zum ersten Mal \u00fcberhaupt- mit uns Lehrerinnen Alexandra Spinhoff und Judith Pfuhl an den Start der 45km gewagt hat. Der Hohe Hagen hatte es auch in diesem Jahr wieder in sich, konnte aber aufgrund der grandiosen, sehr motivierenden Zurufe der Zuschauer sowie der musikalischen Untermalung der G\u00f6ttinger Werkst\u00e4tten gut gemeistert werden. Die G\u00e4nsehaut beim Einfahren in die Ziel-B\u00fcrgerstrasse mit diesem gro\u00dfartigen Publikum war vorprogrammiert und macht Vorfreude auf das n\u00e4chste Jahr: dann mit hoffentlich VIELEN von der CFGS!<\/p>\n<\/div>\n<p>Beim Fr\u00fchjahrsvolkslauf, am 26. Mai war die Beteiligung wieder einmal hervorragend. Mehr als 30&nbsp; Sch\u00fclerinnen und Sch\u00fcler&nbsp; haben sich mit Frau Eberle und Frau Nieke auf die 2-Kilometer und&nbsp; 5-Kilometer-Distanz gewagt.<\/p>\n<p>Besonders anerkennenswert ist das Engagement von unserer Sch\u00fclerin Emily, die die 2-Kilometer-Distanz wieder einmal&nbsp; mit ihrem Rollstuhl absolviert hat. Gro\u00dfen Respekt vor dieser Leistung!<\/p>\n<p>Jacob, Herr Thielb\u00f6rger und Herr Haepe sind die 10-Km -Distanz gelaufen. Bei traumhaften Wetter und super Stimmung auf und an der Laufstrecke hat es uns allen wieder riesig Spa\u00df gemacht.<\/p>\n<p>Im n\u00e4chsten Jahr sind wir wieder dabei!<\/p>\n<p>&nbsp;<\/p>\n\n\n\n<figure class=\"wp-block-gallery has-nested-images columns-default is-cropped wp-block-gallery-1 is-layout-flex wp-block-gallery-is-layout-flex\">\n<figure class=\"wp-block-image size-large\"><img loading=\"lazy\" decoding=\"async\" width=\"1528\" height=\"1528\" data-id=\"6428\" src=\"http:\/\/wordpress.nibis.de\/cfgs\/files\/IMG-20240527-WA0002.jpg\" alt=\"\" class=\"wp-image-6428\" srcset=\"https:\/\/wordpress.nibis.de\/cfgs\/files\/IMG-20240527-WA0002.jpg 1528w, https:\/\/wordpress.nibis.de\/cfgs\/files\/IMG-20240527-WA0002-300x300.jpg 300w, https:\/\/wordpress.nibis.de\/cfgs\/files\/IMG-20240527-WA0002-480x480.jpg 480w, https:\/\/wordpress.nibis.de\/cfgs\/files\/IMG-20240527-WA0002-150x150.jpg 150w, https:\/\/wordpress.nibis.de\/cfgs\/files\/IMG-20240527-WA0002-768x768.jpg 768w\" sizes=\"auto, (max-width: 1528px) 100vw, 1528px\" \/><\/figure>\n\n\n\n<figure class=\"wp-block-image size-large\"><img loading=\"lazy\" decoding=\"async\" width=\"1020\" height=\"765\" data-id=\"6429\" src=\"http:\/\/wordpress.nibis.de\/cfgs\/files\/20240526_112137.jpg\" alt=\"\" class=\"wp-image-6429\" srcset=\"https:\/\/wordpress.nibis.de\/cfgs\/files\/20240526_112137.jpg 1020w, https:\/\/wordpress.nibis.de\/cfgs\/files\/20240526_112137-300x225.jpg 300w, https:\/\/wordpress.nibis.de\/cfgs\/files\/20240526_112137-640x480.jpg 640w, https:\/\/wordpress.nibis.de\/cfgs\/files\/20240526_112137-768x576.jpg 768w\" sizes=\"auto, (max-width: 1020px) 100vw, 1020px\" \/><\/figure>\n\n\n\n<figure class=\"wp-block-image size-large\"><img loading=\"lazy\" decoding=\"async\" width=\"1020\" height=\"765\" data-id=\"6430\" src=\"http:\/\/wordpress.nibis.de\/cfgs\/files\/20240526_123430.jpg\" alt=\"\" class=\"wp-image-6430\" srcset=\"https:\/\/wordpress.nibis.de\/cfgs\/files\/20240526_123430.jpg 1020w, https:\/\/wordpress.nibis.de\/cfgs\/files\/20240526_123430-300x225.jpg 300w, https:\/\/wordpress.nibis.de\/cfgs\/files\/20240526_123430-640x480.jpg 640w, https:\/\/wordpress.nibis.de\/cfgs\/files\/20240526_123430-768x576.jpg 768w\" sizes=\"auto, (max-width: 1020px) 100vw, 1020px\" \/><\/figure>\n\n\n\n<figure class=\"wp-block-image size-large\"><img loading=\"lazy\" decoding=\"async\" width=\"1920\" height=\"2560\" data-id=\"6431\" src=\"http:\/\/wordpress.nibis.de\/cfgs\/files\/IMG_1802-scaled.jpeg\" alt=\"\" class=\"wp-image-6431\" srcset=\"https:\/\/wordpress.nibis.de\/cfgs\/files\/IMG_1802-scaled.jpeg 1920w, https:\/\/wordpress.nibis.de\/cfgs\/files\/IMG_1802-225x300.jpeg 225w, https:\/\/wordpress.nibis.de\/cfgs\/files\/IMG_1802-360x480.jpeg 360w, https:\/\/wordpress.nibis.de\/cfgs\/files\/IMG_1802-768x1024.jpeg 768w, https:\/\/wordpress.nibis.de\/cfgs\/files\/IMG_1802-1152x1536.jpeg 1152w, https:\/\/wordpress.nibis.de\/cfgs\/files\/IMG_1802-1536x2048.jpeg 1536w\" sizes=\"auto, (max-width: 1920px) 100vw, 1920px\" \/><\/figure>\n<\/figure>\n\n\n","protected":false},"excerpt":{"rendered":"<p>Aus 2 mach 3 mach VIELE Rennradfahrer Nachdem wir im letzten Jahr nur mit zwei Starterinnen f\u00fcr unsere Schule an der TDE in G\u00f6ttingen teilgenommen hatten, waren es in diesem<\/p>\n","protected":false},"author":9193666,"featured_media":6428,"comment_status":"closed","ping_status":"closed","sticky":false,"template":"","format":"standard","meta":{"footnotes":""},"categories":[27],"tags":[],"class_list":["post-6427","post","type-post","status-publish","format-standard","has-post-thumbnail","hentry","category-uncategorized"],"_links":{"self":[{"href":"https:\/\/wordpress.nibis.de\/cfgs\/wp-json\/wp\/v2\/posts\/6427","targetHints":{"allow":["GET"]}}],"collection":[{"href":"https:\/\/wordpress.nibis.de\/cfgs\/wp-json\/wp\/v2\/posts"}],"about":[{"href":"https:\/\/wordpress.nibis.de\/cfgs\/wp-json\/wp\/v2\/types\/post"}],"author":[{"embeddable":true,"href":"https:\/\/wordpress.nibis.de\/cfgs\/wp-json\/wp\/v2\/users\/9193666"}],"replies":[{"embeddable":true,"href":"https:\/\/wordpress.nibis.de\/cfgs\/wp-json\/wp\/v2\/comments?post=6427"}],"version-history":[{"count":4,"href":"https:\/\/wordpress.nibis.de\/cfgs\/wp-json\/wp\/v2\/posts\/6427\/revisions"}],"predecessor-version":[{"id":6438,"href":"https:\/\/wordpress.nibis.de\/cfgs\/wp-json\/wp\/v2\/posts\/6427\/revisions\/6438"}],"wp:featuredmedia":[{"embeddable":true,"href":"https:\/\/wordpress.nibis.de\/cfgs\/wp-json\/wp\/v2\/media\/6428"}],"wp:attachment":[{"href":"https:\/\/wordpress.nibis.de\/cfgs\/wp-json\/wp\/v2\/media?parent=6427"}],"wp:term":[{"taxonomy":"category","embeddable":true,"href":"https:\/\/wordpress.nibis.de\/cfgs\/wp-json\/wp\/v2\/categories?post=6427"},{"taxonomy":"post_tag","embeddable":true,"href":"https:\/\/wordpress.nibis.de\/cfgs\/wp-json\/wp\/v2\/tags?post=6427"}],"curies":[{"name":"wp","href":"https:\/\/api.w.org\/{rel}","templated":true}]}}