{"id":6464,"date":"2024-06-25T10:06:59","date_gmt":"2024-06-25T08:06:59","guid":{"rendered":"https:\/\/wordpress.nibis.de\/cfgs\/?p=6464"},"modified":"2024-06-25T10:07:40","modified_gmt":"2024-06-25T08:07:40","slug":"wpk-werken-aus-jahrgang-6-nahm-am-goettinger-solarcup-teil","status":"publish","type":"post","link":"https:\/\/wordpress.nibis.de\/cfgs\/wpk-werken-aus-jahrgang-6-nahm-am-goettinger-solarcup-teil\/","title":{"rendered":"WPK Werken aus Jahrgang 6 nahm am G\u00f6ttinger Solarcup teil \u00a0"},"content":{"rendered":"\n<figure class=\"wp-block-image size-large\"><img decoding=\"async\" src=\"https:\/\/wordpress.nibis.de\/cfgs\/files\/IMG_20240606_1138202-531x480.jpg\" alt=\"\" class=\"wp-image-6466\" \/><figcaption>(von links) Adrian, Noah, Lina, Martha, Rafael und Finn hatten Spa\u00df<\/figcaption><\/figure>\n\n\n\n<p><\/p>\n\n\n\n<p><span style=\"color: var(--text-color);font-family: var(--text-font);font-size: inherit\">\u00a0&#8222;Besser, aber nicht gut!&#8220; So k\u00f6nnte das Resumee f\u00fcr die Sonnenverh\u00e4ltnisse beim\u00a0 Solarcup am 6. Juni der Stiftung Niedersachsenmetall in der IGS Bovenden lauten. Verglichen mit dem ersten Termin, der wegen Regen um eine Woche verschoben wurde, war dieses Mal viel Sonne zu sehen, leider aber nicht konstant bzw. teils hinter Wolken, sodass es zu ungleichen Bedingungen im Wettkampf kam. Sowas nehmen wir sportlich. Das kann niemand \u00e4ndern.<\/span><\/p>\n<p>Der Wettkampf ist zwar der kr\u00f6nende Abschluss, aber vielmehr geht es ja ums Bauen und T\u00fcfteln. Daran hatten die 13 Jungen und M\u00e4dchen viel Spa\u00df und wir hatten letztendlich drei Zweierteams am Start. Es galt eine 10m-Strecke hin und zur\u00fcck zu fahren, zwischendurch mit manuellem Umsetzten. Als Antrieb gab es drei Solarzellen und einen Getriebemotor. Vorgegeben waren noch die maximalen Ma\u00dfe und der notwendige Dorn f\u00fcr die F\u00fchrungsschiene. Nun war Kreativit\u00e4t und Ausprobieren gefragt. F\u00e4hrt das Fahrzeug gerade? Bringt ein Heckspoiler etwas? Warum rutschen die R\u00e4der durch? Das Kabel ist ab! F\u00fcr alles gab es eine L\u00f6sung.<\/p>\n<p>Auch wenn wir beim Rennen im K.O.-System nicht lange erfolgreich waren, haben wir viel gelernt. Unsere Autos fuhren alle sehr schnell, leider nicht immer schnell genug. Wir freuen uns aufs n\u00e4chste Jahr, denn dann sind wir wieder dabei.<\/p>\n","protected":false},"excerpt":{"rendered":"<p>\u00a0&#8222;Besser, aber nicht gut!&#8220; So k\u00f6nnte das Resumee f\u00fcr die Sonnenverh\u00e4ltnisse beim\u00a0 Solarcup am 6. Juni der Stiftung Niedersachsenmetall in der IGS Bovenden lauten. Verglichen mit dem ersten Termin, der<\/p>\n","protected":false},"author":9194400,"featured_media":0,"comment_status":"closed","ping_status":"closed","sticky":false,"template":"","format":"standard","meta":{"footnotes":""},"categories":[27],"tags":[],"class_list":["post-6464","post","type-post","status-publish","format-standard","hentry","category-uncategorized"],"_links":{"self":[{"href":"https:\/\/wordpress.nibis.de\/cfgs\/wp-json\/wp\/v2\/posts\/6464","targetHints":{"allow":["GET"]}}],"collection":[{"href":"https:\/\/wordpress.nibis.de\/cfgs\/wp-json\/wp\/v2\/posts"}],"about":[{"href":"https:\/\/wordpress.nibis.de\/cfgs\/wp-json\/wp\/v2\/types\/post"}],"author":[{"embeddable":true,"href":"https:\/\/wordpress.nibis.de\/cfgs\/wp-json\/wp\/v2\/users\/9194400"}],"replies":[{"embeddable":true,"href":"https:\/\/wordpress.nibis.de\/cfgs\/wp-json\/wp\/v2\/comments?post=6464"}],"version-history":[{"count":4,"href":"https:\/\/wordpress.nibis.de\/cfgs\/wp-json\/wp\/v2\/posts\/6464\/revisions"}],"predecessor-version":[{"id":6472,"href":"https:\/\/wordpress.nibis.de\/cfgs\/wp-json\/wp\/v2\/posts\/6464\/revisions\/6472"}],"wp:attachment":[{"href":"https:\/\/wordpress.nibis.de\/cfgs\/wp-json\/wp\/v2\/media?parent=6464"}],"wp:term":[{"taxonomy":"category","embeddable":true,"href":"https:\/\/wordpress.nibis.de\/cfgs\/wp-json\/wp\/v2\/categories?post=6464"},{"taxonomy":"post_tag","embeddable":true,"href":"https:\/\/wordpress.nibis.de\/cfgs\/wp-json\/wp\/v2\/tags?post=6464"}],"curies":[{"name":"wp","href":"https:\/\/api.w.org\/{rel}","templated":true}]}}