{"id":6609,"date":"2024-09-13T10:17:16","date_gmt":"2024-09-13T08:17:16","guid":{"rendered":"https:\/\/wordpress.nibis.de\/cfgs\/?p=6609"},"modified":"2024-09-13T10:17:21","modified_gmt":"2024-09-13T08:17:21","slug":"klassenfahrtswoche-des-8-jahrgangs","status":"publish","type":"post","link":"https:\/\/wordpress.nibis.de\/cfgs\/klassenfahrtswoche-des-8-jahrgangs\/","title":{"rendered":"Klassenfahrtswoche des 8. Jahrgangs"},"content":{"rendered":"\n<p>Die <strong>Klassenfahrt der 8r2 nach Binz<\/strong> begann am Montag mit einer siebenst\u00fcndigen Fahrt, die bei strahlendem Sonnenschein stattfand. Die Vorfreude auf die bevorstehenden Tage war gro\u00df, und die Sch\u00fclerinnen und Sch\u00fcler genossen gemeinsam mit ihrem Klassenlehrerteam Frau Knipp und Herrn Thegeder die Aussicht w\u00e4hrend der Fahrt. Nach der Ankunft in Binz bezogen die Klassenmitglieder ihre Unterkunft, die sich unmittelbar am Meer befand. Das Wetter war einfach perfekt und so machten sie einen ersten Spaziergang \u00fcber die Strandpromenade, die nur etwa zwei Minuten von der Unterkunft entfernt war.<\/p>\n\n\n\n<p>Am Dienstag stand eine Schiffahrt zu den beeindruckenden Kreidefelsen auf dem Programm. Die dreist\u00fcndige Tour bot nicht nur atemberaubende Ausblicke, sondern auch ein wenig Sightseeing. Der leichte Wellengang sorgte f\u00fcr zus\u00e4tzliche Abenteuerlust und machte die Fahrt zu einem unvergesslichen Erlebnis.<\/p>\n\n\n\n<p>Der Mittwoch war gepr\u00e4gt von einem spannenden Survival Camp beim Baumwipfelpfad in Prora. Hier lernten die Sch\u00fclerinnen und Sch\u00fcler, wie man Wasser filtert, Hasen jagt und selbst Feuer macht. Diese praktischen F\u00e4higkeiten wurden in der Natur erprobt und sorgten f\u00fcr viel Spa\u00df und Teamarbeit. Nach einem aufregenden Vormittag versammelten sich alle zu einem gemeinsamen Mittagessen im Naturerbezentrum, wo sie ihre Erlebnisse austauschten.<\/p>\n\n\n\n<p>Am Donnerstag wurde der urspr\u00fcngliche Plan ge\u00e4ndert. Anstatt ins Schwimmbad zu gehen, entschieden sich die Sch\u00fcler f\u00fcr einen gemeinsamen Tag am Strand. Das Plantschen in der Ostsee, das Spielen im Sand und die vielen Unterhaltungen sorgten f\u00fcr eine entspannte und fr\u00f6hliche Atmosph\u00e4re. Der Tag am Strand wurde von allen als Highlight der Reise empfunden.<\/p>\n\n\n\n<p>Leider gab es am Freitag eine unerwartete Wendung. Aufgrund einer Stellwerksst\u00f6rung fuhr der Zug nicht wie geplant. Die R\u00fcckreise nach G\u00f6ttingen verz\u00f6gerte sich um knapp f\u00fcnf Stunden, was die Stimmung etwas tr\u00fcbte. Dennoch blieben die Sch\u00fcler optimistisch und nutzten die Zeit, um die Erlebnisse der vergangenen Tage Revue passieren zu lassen.<\/p>\n\n\n\n<p>Insgesamt war die Klassenfahrt nach Binz ein voller Erfolg. Die Sch\u00fcler sammelten nicht nur viele sch\u00f6ne Erinnerungen, sondern lernten auch viel \u00fcber Teamarbeit und die Natur. Die Erlebnisse werden ihnen sicherlich noch lange in Erinnerung bleiben.<\/p>\n\n\n\n<p><\/p>\n\n\n\n<p>Bericht zur <strong>Klassenfahrt nach L\u00fcbeck der Klassen 8g1, 8r1, 8h1 und 8h2<\/strong><\/p>\n\n\n\n<p>Die Klassenfahrt nach L\u00fcbeck begann am 12. August, als die Sch\u00fcler der Klassen 8g1, 8r1, 8h1 und 8h2 ihre Jugendherberge \u201eVor dem Tore\u201c bezogen. Die Unterkunft bot einen idealen Ausgangspunkt f\u00fcr die Erkundung der historischen Stadt.<\/p>\n\n\n\n<p>Am ersten Tag machten die Klassen 8h1 und 8h2 eine spannende Stadtf\u00fchrung durch die schmalen Gassen L\u00fcbecks. Dabei besuchten sie die beeindruckende Marienkirche und erfuhren viel \u00fcber die Geschichte der Hanse. Die F\u00fchrung war nicht nur lehrreich, sondern auch unterhaltsam und weckte das Interesse der Sch\u00fcler an der historischen Bedeutung L\u00fcbecks.<\/p>\n\n\n\n<p>Parallel dazu erkundeten die Klassen 8g1 und 8h1 die Stadt selbstst\u00e4ndig mit einer Stadtrallye. Diese Aktivit\u00e4t f\u00f6rderte den Teamgeist und die Zusammenarbeit unter den Sch\u00fclern, w\u00e4hrend sie die Sehensw\u00fcrdigkeiten L\u00fcbecks entdeckten.<\/p>\n\n\n\n<p>Ein weiteres Highlight der Reise war der Workshop bei Niederegger, wo die Sch\u00fcler die Geschichte der Marzipanherstellung erfuhren. Jeder durfte sein eigenes Marzipanschwein kreieren (8h1 und 2), und im sch\u00f6nen Caf\u00e9 Niederegger wurden die Sch\u00fclerinnen und Sch\u00fcler mit Kuchen und Getr\u00e4nken verw\u00f6hnt. Nach dem Workshop hatten die Jugendlichen und ihre Lehrkr\u00e4fte Frau Meckeler, Herr L\u00fcken, Frau M\u00e4rtens, Herr Pohl, Frau Barzaga Kress und Frau Klapp Freizeit in L\u00fcbeck, die sie ausgiebig nutzten, um die Stadt weiter zu erkunden.<\/p>\n\n\n\n<p>Die Klassen 8g1 und 8r1 konnten am Mittwoch eine Kanalrundfahrt unternehmen und erhielten hierbei vom Wasser aus einen Einblick in L\u00fcbecks Geschichte. Anschlie\u00dfend verbrwchte die 8g1 ihre Freizeit im Freibad, wo sie bei bestem Wetter schwimmen und sich entspannen konnte.<\/p>\n\n\n\n<p>Ein spannender letzter Tag folgte mit einer Busfahrt nach Travem\u00fcnde, wo die vier Klassen die M\u00f6glichkeit hatten, in der Ostsee zu schwimmen. Der Strandtag war ein voller Erfolg, und die Besichtigung des historischen Schiffs Passat sorgte f\u00fcr zus\u00e4tzliche Begeisterung. Die R\u00fcckfahrt nach L\u00fcbeck erfolgte mit einem Schiff, was bei den Sch\u00fclern besonders beliebt war, da viele von ihnen noch nie zuvor auf einem Schiff gewesen waren.<\/p>\n\n\n\n<p>Die R\u00fcckreise nach Hause fand schlie\u00dflich mit dem ICE statt, was den Abschluss einer erlebnisreichen Klassenfahrt bildete. Insgesamt war die Klassenfahrt nach L\u00fcbeck ein voller Erfolg, der den Sch\u00fclern nicht nur viel Wissen \u00fcber die Stadt vermittelte, sondern auch zahlreiche sch\u00f6ne Erinnerungen schuf, die sie noch lange begleiten werden.<\/p>\n\n\n\n<p><\/p>\n\n\n\n<figure class=\"wp-block-gallery has-nested-images columns-default is-cropped wp-block-gallery-1 is-layout-flex wp-block-gallery-is-layout-flex\">\n<figure class=\"wp-block-image size-large\"><img loading=\"lazy\" decoding=\"async\" width=\"360\" height=\"480\" data-id=\"6611\" src=\"https:\/\/wordpress.nibis.de\/cfgs\/files\/0c006511-d0ea-4259-ad29-7dec6c195dd5-360x480.jpeg\" alt=\"\" class=\"wp-image-6611\" srcset=\"https:\/\/wordpress.nibis.de\/cfgs\/files\/0c006511-d0ea-4259-ad29-7dec6c195dd5-360x480.jpeg 360w, https:\/\/wordpress.nibis.de\/cfgs\/files\/0c006511-d0ea-4259-ad29-7dec6c195dd5-225x300.jpeg 225w, https:\/\/wordpress.nibis.de\/cfgs\/files\/0c006511-d0ea-4259-ad29-7dec6c195dd5-768x1024.jpeg 768w, https:\/\/wordpress.nibis.de\/cfgs\/files\/0c006511-d0ea-4259-ad29-7dec6c195dd5-1152x1536.jpeg 1152w, https:\/\/wordpress.nibis.de\/cfgs\/files\/0c006511-d0ea-4259-ad29-7dec6c195dd5.jpeg 1200w\" sizes=\"auto, (max-width: 360px) 100vw, 360px\" \/><\/figure>\n\n\n\n<figure class=\"wp-block-image size-large\"><img loading=\"lazy\" decoding=\"async\" width=\"360\" height=\"480\" data-id=\"6610\" src=\"https:\/\/wordpress.nibis.de\/cfgs\/files\/9a515f7d-48a6-4e4f-ad33-b28e9fcf1e2c-360x480.jpeg\" alt=\"\" class=\"wp-image-6610\" srcset=\"https:\/\/wordpress.nibis.de\/cfgs\/files\/9a515f7d-48a6-4e4f-ad33-b28e9fcf1e2c-360x480.jpeg 360w, https:\/\/wordpress.nibis.de\/cfgs\/files\/9a515f7d-48a6-4e4f-ad33-b28e9fcf1e2c-225x300.jpeg 225w, https:\/\/wordpress.nibis.de\/cfgs\/files\/9a515f7d-48a6-4e4f-ad33-b28e9fcf1e2c-768x1024.jpeg 768w, https:\/\/wordpress.nibis.de\/cfgs\/files\/9a515f7d-48a6-4e4f-ad33-b28e9fcf1e2c-1152x1536.jpeg 1152w, https:\/\/wordpress.nibis.de\/cfgs\/files\/9a515f7d-48a6-4e4f-ad33-b28e9fcf1e2c.jpeg 1200w\" sizes=\"auto, (max-width: 360px) 100vw, 360px\" \/><\/figure>\n\n\n\n<figure class=\"wp-block-image size-large\"><img loading=\"lazy\" decoding=\"async\" width=\"640\" height=\"480\" data-id=\"6613\" src=\"https:\/\/wordpress.nibis.de\/cfgs\/files\/72523d63-3f4f-4c02-8bf9-165429f1822f-640x480.jpeg\" alt=\"\" class=\"wp-image-6613\" srcset=\"https:\/\/wordpress.nibis.de\/cfgs\/files\/72523d63-3f4f-4c02-8bf9-165429f1822f-640x480.jpeg 640w, https:\/\/wordpress.nibis.de\/cfgs\/files\/72523d63-3f4f-4c02-8bf9-165429f1822f-300x225.jpeg 300w, https:\/\/wordpress.nibis.de\/cfgs\/files\/72523d63-3f4f-4c02-8bf9-165429f1822f-768x576.jpeg 768w, https:\/\/wordpress.nibis.de\/cfgs\/files\/72523d63-3f4f-4c02-8bf9-165429f1822f-1536x1152.jpeg 1536w, https:\/\/wordpress.nibis.de\/cfgs\/files\/72523d63-3f4f-4c02-8bf9-165429f1822f.jpeg 1600w\" sizes=\"auto, (max-width: 640px) 100vw, 640px\" \/><\/figure>\n\n\n\n<figure class=\"wp-block-image size-large\"><img loading=\"lazy\" decoding=\"async\" width=\"360\" height=\"480\" data-id=\"6612\" src=\"https:\/\/wordpress.nibis.de\/cfgs\/files\/28dfd40e-bec6-4df1-9d7f-0a2f82a4e5e5-360x480.jpeg\" alt=\"\" class=\"wp-image-6612\" srcset=\"https:\/\/wordpress.nibis.de\/cfgs\/files\/28dfd40e-bec6-4df1-9d7f-0a2f82a4e5e5-360x480.jpeg 360w, https:\/\/wordpress.nibis.de\/cfgs\/files\/28dfd40e-bec6-4df1-9d7f-0a2f82a4e5e5-225x300.jpeg 225w, https:\/\/wordpress.nibis.de\/cfgs\/files\/28dfd40e-bec6-4df1-9d7f-0a2f82a4e5e5-768x1024.jpeg 768w, https:\/\/wordpress.nibis.de\/cfgs\/files\/28dfd40e-bec6-4df1-9d7f-0a2f82a4e5e5-1152x1536.jpeg 1152w, https:\/\/wordpress.nibis.de\/cfgs\/files\/28dfd40e-bec6-4df1-9d7f-0a2f82a4e5e5.jpeg 1200w\" sizes=\"auto, (max-width: 360px) 100vw, 360px\" \/><\/figure>\n<\/figure>\n","protected":false},"excerpt":{"rendered":"<p>Die Klassenfahrt der 8r2 nach Binz begann am Montag mit einer siebenst\u00fcndigen Fahrt, die bei strahlendem Sonnenschein stattfand. Die Vorfreude auf die bevorstehenden Tage war gro\u00df, und die Sch\u00fclerinnen und<\/p>\n","protected":false},"author":9193666,"featured_media":0,"comment_status":"closed","ping_status":"closed","sticky":false,"template":"","format":"standard","meta":{"footnotes":""},"categories":[27],"tags":[],"class_list":["post-6609","post","type-post","status-publish","format-standard","hentry","category-uncategorized"],"_links":{"self":[{"href":"https:\/\/wordpress.nibis.de\/cfgs\/wp-json\/wp\/v2\/posts\/6609","targetHints":{"allow":["GET"]}}],"collection":[{"href":"https:\/\/wordpress.nibis.de\/cfgs\/wp-json\/wp\/v2\/posts"}],"about":[{"href":"https:\/\/wordpress.nibis.de\/cfgs\/wp-json\/wp\/v2\/types\/post"}],"author":[{"embeddable":true,"href":"https:\/\/wordpress.nibis.de\/cfgs\/wp-json\/wp\/v2\/users\/9193666"}],"replies":[{"embeddable":true,"href":"https:\/\/wordpress.nibis.de\/cfgs\/wp-json\/wp\/v2\/comments?post=6609"}],"version-history":[{"count":1,"href":"https:\/\/wordpress.nibis.de\/cfgs\/wp-json\/wp\/v2\/posts\/6609\/revisions"}],"predecessor-version":[{"id":6614,"href":"https:\/\/wordpress.nibis.de\/cfgs\/wp-json\/wp\/v2\/posts\/6609\/revisions\/6614"}],"wp:attachment":[{"href":"https:\/\/wordpress.nibis.de\/cfgs\/wp-json\/wp\/v2\/media?parent=6609"}],"wp:term":[{"taxonomy":"category","embeddable":true,"href":"https:\/\/wordpress.nibis.de\/cfgs\/wp-json\/wp\/v2\/categories?post=6609"},{"taxonomy":"post_tag","embeddable":true,"href":"https:\/\/wordpress.nibis.de\/cfgs\/wp-json\/wp\/v2\/tags?post=6609"}],"curies":[{"name":"wp","href":"https:\/\/api.w.org\/{rel}","templated":true}]}}