{"id":6628,"date":"2024-10-02T11:04:39","date_gmt":"2024-10-02T09:04:39","guid":{"rendered":"https:\/\/wordpress.nibis.de\/cfgs\/?p=6628"},"modified":"2024-10-02T11:04:44","modified_gmt":"2024-10-02T09:04:44","slug":"studienfahrt-valencia-24-09-24-28-09-24","status":"publish","type":"post","link":"https:\/\/wordpress.nibis.de\/cfgs\/studienfahrt-valencia-24-09-24-28-09-24\/","title":{"rendered":"Studienfahrt Valencia 24.09.24 &#8211; 28.09.24"},"content":{"rendered":"\n<p>\u00a0<\/p>\n<p>Auch in diesem Jahr sollten die Sch\u00fclerinnen und Sch\u00fcler des 9. und 10. Jahrgangs wieder die M\u00f6glichkeit bekommen, die spanische Kultur hautnah zu erleben. Hierf\u00fcr ging es mit insgesamt 23 Sch\u00fclerinnen und Sch\u00fclern nach Valencia. Die drittgr\u00f6\u00dfte Stadt Spaniens.<\/p>\n<p>Nachdem wir noch am Ankunftstag den Aufstieg zum Miguelete (Glockenturm der Kathedrale) gemeistert haben und so eine Aussicht auf ganz Valencia genie\u00dfen konnten, folgte am n\u00e4chsten Tag ein Besuch der Ciudad de las Artes y las Ciencias inklusive einer Vorstellung im Hemisf\u00e9rico. Auf dem Weg durchquerten wir den Parque de Turia und machten einen kurzen Halt im Parque Gulliver. Im Anschluss wurde nun mithilfe einer Rallye die Stadt kennengelernt, bei der zahlreiche Preise warteten.<\/p>\n<p>Der dritte Tag stand vollkommen im Zeichen der spanischen Kultur. So haben wir den Tag mit einer Streetart-Tour begonnen. Nachmittags folgte dann ein Besuch im Museum der valencianischen Stierkampfarena. Beendet wurde der Tag mit einer beeindruckenden Flamenco-Show.<\/p>\n<p>Ein Tag am Stadtstrand Valencias durfte nat\u00fcrlich auch nicht fehlen. Bei strahlendem Sonnenschein und 30 Grad haben wir den letzten Tag in Valencia nochmal richtig genossen. Ausklingen lassen haben wir den Abend dann bei einem gemeinsamen Essen. Hier gab es typische spanische Tapas, sowie Paella. Am Samstag ging es dann mit zahlreichen neuen Erfahrungen und tollen Erlebnissen zur\u00fcck nach Hause.<\/p>\n<p>\u00a0<\/p>\n\n\n\n<figure class=\"wp-block-gallery has-nested-images columns-1 tw-gutter-large wp-block-gallery-1 is-layout-flex wp-block-gallery-is-layout-flex\">\n<figure class=\"wp-block-image size-large\"><img loading=\"lazy\" decoding=\"async\" width=\"640\" height=\"480\" data-id=\"6630\" src=\"https:\/\/wordpress.nibis.de\/cfgs\/files\/IMG_6127-1-640x480.jpg\" alt=\"\" class=\"wp-image-6630\" srcset=\"https:\/\/wordpress.nibis.de\/cfgs\/files\/IMG_6127-1-640x480.jpg 640w, https:\/\/wordpress.nibis.de\/cfgs\/files\/IMG_6127-1-300x225.jpg 300w, https:\/\/wordpress.nibis.de\/cfgs\/files\/IMG_6127-1-768x576.jpg 768w, https:\/\/wordpress.nibis.de\/cfgs\/files\/IMG_6127-1-1536x1152.jpg 1536w, https:\/\/wordpress.nibis.de\/cfgs\/files\/IMG_6127-1.jpg 1600w\" sizes=\"auto, (max-width: 640px) 100vw, 640px\" \/><\/figure>\n\n\n\n<figure class=\"wp-block-image size-large\"><img loading=\"lazy\" decoding=\"async\" width=\"640\" height=\"480\" data-id=\"6632\" src=\"https:\/\/wordpress.nibis.de\/cfgs\/files\/IMG_6165-640x480.jpg\" alt=\"\" class=\"wp-image-6632\" srcset=\"https:\/\/wordpress.nibis.de\/cfgs\/files\/IMG_6165-640x480.jpg 640w, https:\/\/wordpress.nibis.de\/cfgs\/files\/IMG_6165-300x225.jpg 300w, https:\/\/wordpress.nibis.de\/cfgs\/files\/IMG_6165-768x576.jpg 768w, https:\/\/wordpress.nibis.de\/cfgs\/files\/IMG_6165-1536x1152.jpg 1536w, https:\/\/wordpress.nibis.de\/cfgs\/files\/IMG_6165-2048x1536.jpg 2048w\" sizes=\"auto, (max-width: 640px) 100vw, 640px\" \/><\/figure>\n\n\n\n<figure class=\"wp-block-image size-large\"><img loading=\"lazy\" decoding=\"async\" width=\"360\" height=\"480\" data-id=\"6631\" src=\"https:\/\/wordpress.nibis.de\/cfgs\/files\/IMG_6119-360x480.jpg\" alt=\"\" class=\"wp-image-6631\" srcset=\"https:\/\/wordpress.nibis.de\/cfgs\/files\/IMG_6119-360x480.jpg 360w, https:\/\/wordpress.nibis.de\/cfgs\/files\/IMG_6119-225x300.jpg 225w, https:\/\/wordpress.nibis.de\/cfgs\/files\/IMG_6119-768x1024.jpg 768w, https:\/\/wordpress.nibis.de\/cfgs\/files\/IMG_6119-1152x1536.jpg 1152w, https:\/\/wordpress.nibis.de\/cfgs\/files\/IMG_6119-1536x2048.jpg 1536w, https:\/\/wordpress.nibis.de\/cfgs\/files\/IMG_6119-scaled.jpg 1920w\" sizes=\"auto, (max-width: 360px) 100vw, 360px\" \/><\/figure>\n<\/figure>\n","protected":false},"excerpt":{"rendered":"<p>\u00a0 Auch in diesem Jahr sollten die Sch\u00fclerinnen und Sch\u00fcler des 9. und 10. Jahrgangs wieder die M\u00f6glichkeit bekommen, die spanische Kultur hautnah zu erleben. Hierf\u00fcr ging es mit insgesamt<\/p>\n","protected":false},"author":9193666,"featured_media":6629,"comment_status":"closed","ping_status":"closed","sticky":false,"template":"","format":"standard","meta":{"footnotes":""},"categories":[27],"tags":[],"class_list":["post-6628","post","type-post","status-publish","format-standard","has-post-thumbnail","hentry","category-uncategorized"],"_links":{"self":[{"href":"https:\/\/wordpress.nibis.de\/cfgs\/wp-json\/wp\/v2\/posts\/6628","targetHints":{"allow":["GET"]}}],"collection":[{"href":"https:\/\/wordpress.nibis.de\/cfgs\/wp-json\/wp\/v2\/posts"}],"about":[{"href":"https:\/\/wordpress.nibis.de\/cfgs\/wp-json\/wp\/v2\/types\/post"}],"author":[{"embeddable":true,"href":"https:\/\/wordpress.nibis.de\/cfgs\/wp-json\/wp\/v2\/users\/9193666"}],"replies":[{"embeddable":true,"href":"https:\/\/wordpress.nibis.de\/cfgs\/wp-json\/wp\/v2\/comments?post=6628"}],"version-history":[{"count":1,"href":"https:\/\/wordpress.nibis.de\/cfgs\/wp-json\/wp\/v2\/posts\/6628\/revisions"}],"predecessor-version":[{"id":6633,"href":"https:\/\/wordpress.nibis.de\/cfgs\/wp-json\/wp\/v2\/posts\/6628\/revisions\/6633"}],"wp:featuredmedia":[{"embeddable":true,"href":"https:\/\/wordpress.nibis.de\/cfgs\/wp-json\/wp\/v2\/media\/6629"}],"wp:attachment":[{"href":"https:\/\/wordpress.nibis.de\/cfgs\/wp-json\/wp\/v2\/media?parent=6628"}],"wp:term":[{"taxonomy":"category","embeddable":true,"href":"https:\/\/wordpress.nibis.de\/cfgs\/wp-json\/wp\/v2\/categories?post=6628"},{"taxonomy":"post_tag","embeddable":true,"href":"https:\/\/wordpress.nibis.de\/cfgs\/wp-json\/wp\/v2\/tags?post=6628"}],"curies":[{"name":"wp","href":"https:\/\/api.w.org\/{rel}","templated":true}]}}