{"id":6797,"date":"2025-03-06T12:34:03","date_gmt":"2025-03-06T11:34:03","guid":{"rendered":"https:\/\/wordpress.nibis.de\/cfgs\/?p=6797"},"modified":"2025-03-06T12:34:07","modified_gmt":"2025-03-06T11:34:07","slug":"jugend-trainiert-fuer-olympia","status":"publish","type":"post","link":"https:\/\/wordpress.nibis.de\/cfgs\/jugend-trainiert-fuer-olympia\/","title":{"rendered":"Jugend trainiert f\u00fcr Olympia"},"content":{"rendered":"\n<p>Am 13.02. nahm die CFGS das erste Mal beim Turnwettkampf &#8222;Jugend trainiert f\u00fcr Olympia&#8220; teil, der in Vechelde stattfand.<\/p>\n<p>Die Sch\u00fclerinnen Sophy, Ella, Flurije, Haylie und Leonie mussten eine Vielzahl an \u00dcbungen zeigen. Ein halbes Jahr hat Frau Spinhoff sie montags in der Turn-AG auf den Wettkampf vorbereitet.<\/p>\n<p>Neben \u00dcbungen am Reck, Barrren, Schwebebalken, Boden und Sprung mussten sie noch Seilklettern auf Zeit, Dreisprung und einen Staffellauf bew\u00e4ltigen. Auch mussten sie als Team u.A. \u00dcbungen am Boden synchron vorturnen. Sie traten gegen eine gro\u00dfe Anzahl an anderen Schulen an. Trotz der gro\u00dfen Nervosit\u00e4t zeigten die f\u00fcnf Sch\u00fclerinnen eine tolle Leistung.<\/p>\n<p>Am Ende wurden wir mit dem 10. Platz belohnt und konnten sehr zufrieden und gl\u00fccklich den Heimweg auf uns nehmen.<\/p>\n<p>Wir danken Mia aus der 10h1 f\u00fcr Ihren Einsatz als Kampfrichterin. Ohne Mia h\u00e4tten wir bei den Wettkampf nicht starten k\u00f6nnen.<\/p>\n<p>\u00a0<\/p>\n\n\n\n<figure class=\"wp-block-gallery has-nested-images columns-default is-cropped wp-block-gallery-1 is-layout-flex wp-block-gallery-is-layout-flex\">\n<figure class=\"wp-block-image size-large\"><img loading=\"lazy\" decoding=\"async\" width=\"2560\" height=\"1920\" data-id=\"6799\" src=\"http:\/\/wordpress.nibis.de\/cfgs\/files\/IMG_20250213_143622-scaled.jpg\" alt=\"\" class=\"wp-image-6799\" srcset=\"https:\/\/wordpress.nibis.de\/cfgs\/files\/IMG_20250213_143622-scaled.jpg 2560w, https:\/\/wordpress.nibis.de\/cfgs\/files\/IMG_20250213_143622-300x225.jpg 300w, https:\/\/wordpress.nibis.de\/cfgs\/files\/IMG_20250213_143622-640x480.jpg 640w, https:\/\/wordpress.nibis.de\/cfgs\/files\/IMG_20250213_143622-768x576.jpg 768w, https:\/\/wordpress.nibis.de\/cfgs\/files\/IMG_20250213_143622-1536x1152.jpg 1536w, https:\/\/wordpress.nibis.de\/cfgs\/files\/IMG_20250213_143622-2048x1536.jpg 2048w\" sizes=\"auto, (max-width: 2560px) 100vw, 2560px\" \/><\/figure>\n\n\n\n<figure class=\"wp-block-image size-large\"><img loading=\"lazy\" decoding=\"async\" width=\"2560\" height=\"1920\" data-id=\"6798\" src=\"http:\/\/wordpress.nibis.de\/cfgs\/files\/IMG_20250213_093723-scaled.jpg\" alt=\"\" class=\"wp-image-6798\" srcset=\"https:\/\/wordpress.nibis.de\/cfgs\/files\/IMG_20250213_093723-scaled.jpg 2560w, https:\/\/wordpress.nibis.de\/cfgs\/files\/IMG_20250213_093723-300x225.jpg 300w, https:\/\/wordpress.nibis.de\/cfgs\/files\/IMG_20250213_093723-640x480.jpg 640w, https:\/\/wordpress.nibis.de\/cfgs\/files\/IMG_20250213_093723-768x576.jpg 768w, https:\/\/wordpress.nibis.de\/cfgs\/files\/IMG_20250213_093723-1536x1152.jpg 1536w, https:\/\/wordpress.nibis.de\/cfgs\/files\/IMG_20250213_093723-2048x1536.jpg 2048w\" sizes=\"auto, (max-width: 2560px) 100vw, 2560px\" \/><\/figure>\n<\/figure>\n","protected":false},"excerpt":{"rendered":"<p>Am 13.02. nahm die CFGS das erste Mal beim Turnwettkampf &#8222;Jugend trainiert f\u00fcr Olympia&#8220; teil, der in Vechelde stattfand. Die Sch\u00fclerinnen Sophy, Ella, Flurije, Haylie und Leonie mussten eine Vielzahl<\/p>\n","protected":false},"author":9193666,"featured_media":6798,"comment_status":"closed","ping_status":"closed","sticky":false,"template":"","format":"standard","meta":{"footnotes":""},"categories":[27],"tags":[],"class_list":["post-6797","post","type-post","status-publish","format-standard","has-post-thumbnail","hentry","category-uncategorized"],"_links":{"self":[{"href":"https:\/\/wordpress.nibis.de\/cfgs\/wp-json\/wp\/v2\/posts\/6797","targetHints":{"allow":["GET"]}}],"collection":[{"href":"https:\/\/wordpress.nibis.de\/cfgs\/wp-json\/wp\/v2\/posts"}],"about":[{"href":"https:\/\/wordpress.nibis.de\/cfgs\/wp-json\/wp\/v2\/types\/post"}],"author":[{"embeddable":true,"href":"https:\/\/wordpress.nibis.de\/cfgs\/wp-json\/wp\/v2\/users\/9193666"}],"replies":[{"embeddable":true,"href":"https:\/\/wordpress.nibis.de\/cfgs\/wp-json\/wp\/v2\/comments?post=6797"}],"version-history":[{"count":1,"href":"https:\/\/wordpress.nibis.de\/cfgs\/wp-json\/wp\/v2\/posts\/6797\/revisions"}],"predecessor-version":[{"id":6800,"href":"https:\/\/wordpress.nibis.de\/cfgs\/wp-json\/wp\/v2\/posts\/6797\/revisions\/6800"}],"wp:featuredmedia":[{"embeddable":true,"href":"https:\/\/wordpress.nibis.de\/cfgs\/wp-json\/wp\/v2\/media\/6798"}],"wp:attachment":[{"href":"https:\/\/wordpress.nibis.de\/cfgs\/wp-json\/wp\/v2\/media?parent=6797"}],"wp:term":[{"taxonomy":"category","embeddable":true,"href":"https:\/\/wordpress.nibis.de\/cfgs\/wp-json\/wp\/v2\/categories?post=6797"},{"taxonomy":"post_tag","embeddable":true,"href":"https:\/\/wordpress.nibis.de\/cfgs\/wp-json\/wp\/v2\/tags?post=6797"}],"curies":[{"name":"wp","href":"https:\/\/api.w.org\/{rel}","templated":true}]}}