{"id":7280,"date":"2025-12-18T12:08:21","date_gmt":"2025-12-18T11:08:21","guid":{"rendered":"https:\/\/wordpress.nibis.de\/cfgs\/?p=7280"},"modified":"2026-04-09T12:28:58","modified_gmt":"2026-04-09T10:28:58","slug":"chancenpatenschaften-ausflug-nach-hannover","status":"publish","type":"post","link":"https:\/\/wordpress.nibis.de\/cfgs\/chancenpatenschaften-ausflug-nach-hannover\/","title":{"rendered":"Chancenpatenschaften \u2013 Ausflug nach Hannover"},"content":{"rendered":"\n\n\n<p>Im Rahmen des Schulprojekts zur F\u00f6rderung von Kindern mit sozial-emotionalem F\u00f6rderschwerpunkt, unterst\u00fctzt durch die Stiftung Bildung, durften 27 Kinder und sechs Lehrkr\u00e4fte am 9. und 10. Oktober 2025 im Rahmen der Chancenpartnerschaften nach Hannover fahren.<\/p>\n<p>Fr\u00fchmorgens startete die Gruppe am G\u00f6ttinger Bahnhof und fuhr mit der Bahn direkt nach Hannover. Von dort ging es mit der Stra\u00dfenbahn weiter zur freundlichen Jugendherberge. Nach einer kurzen Pause zum Ankommen und Frischmachen stand bereits das erste gro\u00dfe Highlight auf dem Programm: der Besuch im Zoo Hannover. Dort entdeckten die Kinder eine beeindruckende Vielfalt an Tieren. Sie konnten Pelikane aus n\u00e4chster N\u00e4he beobachten, Tiger bewundern, die Elefanten im neuen Gehege sehen und sogar die faszinierende Unterwasserwelt erleben. Besonders gut gefiel ihnen die Flo\u00dffahrt durch die verschiedenen Themenbereiche des Zoos. Im Anschluss ging es in die Innenstadt, wo ein spannendes Escape Game auf die Sch\u00fclerinnen und Sch\u00fcler wartete. Dieses f\u00fchrte sie quer durch Hannover und brachte ihnen die Stadt auf spielerische Weise n\u00e4her. M\u00fcde, aber voller Eindr\u00fccke kehrten alle schlie\u00dflich zum Hostel zur\u00fcck, wo der Tag bei einem gemeinsamen Pizzaessen und vielen Gespr\u00e4chen ausklang.<\/p>\n<p>Der n\u00e4chste Morgen begann mit einem reichhaltigen Fr\u00fchst\u00fccksbuffet, das allen noch einmal Energie f\u00fcr die R\u00fcckreise gab. Auf der Heimfahrt wurden abwechslungsreiche Spiele gespielt \u2013 teilweise sogar in gruppen\u00fcbergreifenden Teams \u2013, was den Zusammenhalt weiter st\u00e4rkte.<\/p>\n<p>Insgesamt war es ein wunderbarer Ausflug, von dem alle Beteiligten profitiert haben. Ein herzliches Dankesch\u00f6n an die Stiftung Bildung f\u00fcr die gro\u00dfz\u00fcgige Unterst\u00fctzung!<\/p>\n\n\n\n<div class=\"wp-block-media-text is-stacked-on-mobile is-style-tw-overlap\"><figure class=\"wp-block-media-text__media\"><img loading=\"lazy\" decoding=\"async\" width=\"640\" height=\"480\" src=\"http:\/\/wordpress.nibis.de\/cfgs\/files\/Gruppenfoto-640x480.jpeg\" alt=\"\" class=\"wp-image-7281 size-full\" srcset=\"https:\/\/wordpress.nibis.de\/cfgs\/files\/Gruppenfoto-640x480.jpeg 640w, https:\/\/wordpress.nibis.de\/cfgs\/files\/Gruppenfoto-300x225.jpeg 300w, https:\/\/wordpress.nibis.de\/cfgs\/files\/Gruppenfoto-768x576.jpeg 768w, https:\/\/wordpress.nibis.de\/cfgs\/files\/Gruppenfoto-100x75.jpeg 100w, https:\/\/wordpress.nibis.de\/cfgs\/files\/Gruppenfoto-1536x1152.jpeg 1536w, https:\/\/wordpress.nibis.de\/cfgs\/files\/Gruppenfoto-2048x1536.jpeg 2048w\" sizes=\"auto, (max-width: 640px) 100vw, 640px\" \/><\/figure><div class=\"wp-block-media-text__content\">\n<p><\/p>\n<\/div><\/div>\n\n\n\n<figure class=\"wp-block-embed is-type-video is-provider-youtube wp-block-embed-youtube wp-embed-aspect-16-9 wp-has-aspect-ratio\"><div class=\"wp-block-embed__wrapper\">\n<iframe loading=\"lazy\"  id=\"_ytid_87530\"  width=\"840\" height=\"473\"  data-origwidth=\"840\" data-origheight=\"473\" src=\"https:\/\/www.youtube.com\/embed\/970j66VbkeM?enablejsapi=1&#038;autoplay=0&#038;cc_load_policy=0&#038;cc_lang_pref=&#038;iv_load_policy=1&#038;loop=0&#038;rel=1&#038;fs=1&#038;playsinline=0&#038;autohide=2&#038;theme=dark&#038;color=red&#038;controls=1&#038;disablekb=0&#038;\" class=\"__youtube_prefs__  epyt-is-override  no-lazyload\" title=\"YouTube player\"  allow=\"fullscreen; accelerometer; autoplay; clipboard-write; encrypted-media; gyroscope; picture-in-picture; web-share\" referrerpolicy=\"strict-origin-when-cross-origin\" allowfullscreen data-no-lazy=\"1\" data-skipgform_ajax_framebjll=\"\"><\/iframe>\n<\/div><\/figure>\n\n\n\n<figure class=\"wp-block-image size-large\"><img loading=\"lazy\" decoding=\"async\" width=\"640\" height=\"336\" src=\"https:\/\/wordpress.nibis.de\/cfgs\/files\/Logo_gefoerdert-von-BMFSFJ-2-640x336.png\" alt=\"\" class=\"wp-image-7609\" srcset=\"https:\/\/wordpress.nibis.de\/cfgs\/files\/Logo_gefoerdert-von-BMFSFJ-2-640x336.png 640w, https:\/\/wordpress.nibis.de\/cfgs\/files\/Logo_gefoerdert-von-BMFSFJ-2-300x157.png 300w, https:\/\/wordpress.nibis.de\/cfgs\/files\/Logo_gefoerdert-von-BMFSFJ-2-768x403.png 768w, https:\/\/wordpress.nibis.de\/cfgs\/files\/Logo_gefoerdert-von-BMFSFJ-2-100x52.png 100w, https:\/\/wordpress.nibis.de\/cfgs\/files\/Logo_gefoerdert-von-BMFSFJ-2.png 1530w\" sizes=\"auto, (max-width: 640px) 100vw, 640px\" \/><\/figure>\n\n\n\n<figure class=\"wp-block-image size-full\"><img loading=\"lazy\" decoding=\"async\" width=\"542\" height=\"150\" src=\"https:\/\/wordpress.nibis.de\/cfgs\/files\/Logo-Stiftung-Bildung-2.jpg\" alt=\"\" class=\"wp-image-7610\" srcset=\"https:\/\/wordpress.nibis.de\/cfgs\/files\/Logo-Stiftung-Bildung-2.jpg 542w, https:\/\/wordpress.nibis.de\/cfgs\/files\/Logo-Stiftung-Bildung-2-300x83.jpg 300w, https:\/\/wordpress.nibis.de\/cfgs\/files\/Logo-Stiftung-Bildung-2-100x28.jpg 100w\" sizes=\"auto, (max-width: 542px) 100vw, 542px\" \/><\/figure>\n\n\n\n<figure class=\"wp-block-image size-full\"><img loading=\"lazy\" decoding=\"async\" width=\"434\" height=\"434\" src=\"https:\/\/wordpress.nibis.de\/cfgs\/files\/Logo-Menschen-staerken-Menschen-2.jpg\" alt=\"\" class=\"wp-image-7611\" srcset=\"https:\/\/wordpress.nibis.de\/cfgs\/files\/Logo-Menschen-staerken-Menschen-2.jpg 434w, https:\/\/wordpress.nibis.de\/cfgs\/files\/Logo-Menschen-staerken-Menschen-2-300x300.jpg 300w, https:\/\/wordpress.nibis.de\/cfgs\/files\/Logo-Menschen-staerken-Menschen-2-150x150.jpg 150w, https:\/\/wordpress.nibis.de\/cfgs\/files\/Logo-Menschen-staerken-Menschen-2-100x100.jpg 100w\" sizes=\"auto, (max-width: 434px) 100vw, 434px\" \/><\/figure>\n","protected":false},"excerpt":{"rendered":"<p>Im Rahmen des Schulprojekts zur F\u00f6rderung von Kindern mit sozial-emotionalem F\u00f6rderschwerpunkt, unterst\u00fctzt durch die Stiftung Bildung, durften 27 Kinder und sechs Lehrkr\u00e4fte am 9. und 10. Oktober 2025 im Rahmen<\/p>\n","protected":false},"author":9193666,"featured_media":7281,"comment_status":"closed","ping_status":"closed","sticky":false,"template":"","format":"standard","meta":{"footnotes":""},"categories":[27],"tags":[],"class_list":["post-7280","post","type-post","status-publish","format-standard","has-post-thumbnail","hentry","category-uncategorized"],"_links":{"self":[{"href":"https:\/\/wordpress.nibis.de\/cfgs\/wp-json\/wp\/v2\/posts\/7280","targetHints":{"allow":["GET"]}}],"collection":[{"href":"https:\/\/wordpress.nibis.de\/cfgs\/wp-json\/wp\/v2\/posts"}],"about":[{"href":"https:\/\/wordpress.nibis.de\/cfgs\/wp-json\/wp\/v2\/types\/post"}],"author":[{"embeddable":true,"href":"https:\/\/wordpress.nibis.de\/cfgs\/wp-json\/wp\/v2\/users\/9193666"}],"replies":[{"embeddable":true,"href":"https:\/\/wordpress.nibis.de\/cfgs\/wp-json\/wp\/v2\/comments?post=7280"}],"version-history":[{"count":4,"href":"https:\/\/wordpress.nibis.de\/cfgs\/wp-json\/wp\/v2\/posts\/7280\/revisions"}],"predecessor-version":[{"id":7612,"href":"https:\/\/wordpress.nibis.de\/cfgs\/wp-json\/wp\/v2\/posts\/7280\/revisions\/7612"}],"wp:featuredmedia":[{"embeddable":true,"href":"https:\/\/wordpress.nibis.de\/cfgs\/wp-json\/wp\/v2\/media\/7281"}],"wp:attachment":[{"href":"https:\/\/wordpress.nibis.de\/cfgs\/wp-json\/wp\/v2\/media?parent=7280"}],"wp:term":[{"taxonomy":"category","embeddable":true,"href":"https:\/\/wordpress.nibis.de\/cfgs\/wp-json\/wp\/v2\/categories?post=7280"},{"taxonomy":"post_tag","embeddable":true,"href":"https:\/\/wordpress.nibis.de\/cfgs\/wp-json\/wp\/v2\/tags?post=7280"}],"curies":[{"name":"wp","href":"https:\/\/api.w.org\/{rel}","templated":true}]}}