{"id":7485,"date":"2026-02-13T11:04:32","date_gmt":"2026-02-13T10:04:32","guid":{"rendered":"https:\/\/wordpress.nibis.de\/cfgs\/?p=7485"},"modified":"2026-02-13T11:04:33","modified_gmt":"2026-02-13T10:04:33","slug":"jugend-trainiert-fuer-olympia-2","status":"publish","type":"post","link":"https:\/\/wordpress.nibis.de\/cfgs\/jugend-trainiert-fuer-olympia-2\/","title":{"rendered":"Jugend trainiert f\u00fcr Olympia"},"content":{"rendered":"\n<p>Am 11.02. fuhr die Turn-AG mit Frau Spinhoff nach Vechelde zum Turnwettkampf &#8222;Jugend trainiert f\u00fcr Olympia&#8220;. Die Sch\u00fclerinnen mussten \u00dcbungen am Barren, Boden, Reck, Schwebebalken und Sprung zeigen. Neben den klassischen Turnger\u00e4ten mussten noch weitere Team- und Einzelleistungen erbracht werden wie z.B. Seilklettern, 3 Sprung und Staffellauf und Synchronturnen. <\/p>\n\n\n\n<p>Unsere Sch\u00fclerinnen, die sich ein halbes Jahr in der AG auf diesen Wettkampf vorbereitet haben und zum ersten Mal an einem Turnwettkampf teilnahmen, zeigten trotz Nervosit\u00e4t, alle \u00dcbungen sehr souver\u00e4n, mit viel Freude und Spa\u00df. Die M\u00e4dchen erturnten sich f\u00fcr die Carl-Friedrich-Gau\u00df Schule, gegen eine sehr sehr starke Konkurrenz, den 11. Platz. <\/p>\n\n\n\n<p>Gl\u00fccklich und zufrieden schauen wir auf diesen Tag zur\u00fcck und freuen uns auch im n\u00e4chsten Jahr wieder teilzunehmen.<\/p>\n\n\n\n<figure class=\"wp-block-image size-large\"><img loading=\"lazy\" decoding=\"async\" width=\"640\" height=\"480\" src=\"https:\/\/wordpress.nibis.de\/cfgs\/files\/IMG_20260211_150202-640x480.jpg\" alt=\"\" class=\"wp-image-7487\" srcset=\"https:\/\/wordpress.nibis.de\/cfgs\/files\/IMG_20260211_150202-640x480.jpg 640w, https:\/\/wordpress.nibis.de\/cfgs\/files\/IMG_20260211_150202-300x225.jpg 300w, https:\/\/wordpress.nibis.de\/cfgs\/files\/IMG_20260211_150202-768x576.jpg 768w, https:\/\/wordpress.nibis.de\/cfgs\/files\/IMG_20260211_150202-100x75.jpg 100w, https:\/\/wordpress.nibis.de\/cfgs\/files\/IMG_20260211_150202-1536x1152.jpg 1536w, https:\/\/wordpress.nibis.de\/cfgs\/files\/IMG_20260211_150202-2048x1536.jpg 2048w\" sizes=\"auto, (max-width: 640px) 100vw, 640px\" \/><\/figure>\n","protected":false},"excerpt":{"rendered":"<p>Am 11.02. fuhr die Turn-AG mit Frau Spinhoff nach Vechelde zum Turnwettkampf &#8222;Jugend trainiert f\u00fcr Olympia&#8220;. Die Sch\u00fclerinnen mussten \u00dcbungen am Barren, Boden, Reck, Schwebebalken und Sprung zeigen. Neben den<\/p>\n","protected":false},"author":9193666,"featured_media":7486,"comment_status":"closed","ping_status":"closed","sticky":false,"template":"","format":"standard","meta":{"footnotes":""},"categories":[27],"tags":[],"class_list":["post-7485","post","type-post","status-publish","format-standard","has-post-thumbnail","hentry","category-uncategorized"],"_links":{"self":[{"href":"https:\/\/wordpress.nibis.de\/cfgs\/wp-json\/wp\/v2\/posts\/7485","targetHints":{"allow":["GET"]}}],"collection":[{"href":"https:\/\/wordpress.nibis.de\/cfgs\/wp-json\/wp\/v2\/posts"}],"about":[{"href":"https:\/\/wordpress.nibis.de\/cfgs\/wp-json\/wp\/v2\/types\/post"}],"author":[{"embeddable":true,"href":"https:\/\/wordpress.nibis.de\/cfgs\/wp-json\/wp\/v2\/users\/9193666"}],"replies":[{"embeddable":true,"href":"https:\/\/wordpress.nibis.de\/cfgs\/wp-json\/wp\/v2\/comments?post=7485"}],"version-history":[{"count":1,"href":"https:\/\/wordpress.nibis.de\/cfgs\/wp-json\/wp\/v2\/posts\/7485\/revisions"}],"predecessor-version":[{"id":7488,"href":"https:\/\/wordpress.nibis.de\/cfgs\/wp-json\/wp\/v2\/posts\/7485\/revisions\/7488"}],"wp:featuredmedia":[{"embeddable":true,"href":"https:\/\/wordpress.nibis.de\/cfgs\/wp-json\/wp\/v2\/media\/7486"}],"wp:attachment":[{"href":"https:\/\/wordpress.nibis.de\/cfgs\/wp-json\/wp\/v2\/media?parent=7485"}],"wp:term":[{"taxonomy":"category","embeddable":true,"href":"https:\/\/wordpress.nibis.de\/cfgs\/wp-json\/wp\/v2\/categories?post=7485"},{"taxonomy":"post_tag","embeddable":true,"href":"https:\/\/wordpress.nibis.de\/cfgs\/wp-json\/wp\/v2\/tags?post=7485"}],"curies":[{"name":"wp","href":"https:\/\/api.w.org\/{rel}","templated":true}]}}