{"id":332,"date":"2024-09-12T21:47:26","date_gmt":"2024-09-12T19:47:26","guid":{"rendered":"https:\/\/wordpress.nibis.de\/fme2024\/?p=332"},"modified":"2024-09-12T23:04:59","modified_gmt":"2024-09-12T21:04:59","slug":"podcast-der-vortraege","status":"publish","type":"post","link":"https:\/\/wordpress.nibis.de\/fme2024\/2024\/09\/12\/podcast-der-vortraege\/","title":{"rendered":"PODCAST DER VORTR\u00c4GE"},"content":{"rendered":"\n<p>Im Podcast <a rel=\"noreferrer noopener\" href=\"https:\/\/n-report.de\/category\/podcast\/\" target=\"_blank\">Schule Macht Medien &#8211; Medien machen Schule (SMM)<\/a> sind die Keynote-Vortr\u00e4ge der beiden Referenten zu h\u00f6ren:<\/p>\n\n\n\n<hr class=\"wp-block-separator\" \/>\n\n\n\n<div class=\"wp-block-image\"><figure class=\"alignleft size-medium\"><img loading=\"lazy\" decoding=\"async\" width=\"300\" height=\"155\" src=\"https:\/\/wordpress.nibis.de\/fme2024\/files\/2024\/09\/IMG_2156-300x155.png\" alt=\"\" class=\"wp-image-338\" srcset=\"https:\/\/wordpress.nibis.de\/fme2024\/files\/2024\/09\/IMG_2156-300x155.png 300w, https:\/\/wordpress.nibis.de\/fme2024\/files\/2024\/09\/IMG_2156-1024x530.png 1024w, https:\/\/wordpress.nibis.de\/fme2024\/files\/2024\/09\/IMG_2156-768x398.png 768w, https:\/\/wordpress.nibis.de\/fme2024\/files\/2024\/09\/IMG_2156-1536x796.png 1536w, https:\/\/wordpress.nibis.de\/fme2024\/files\/2024\/09\/IMG_2156-2048x1061.png 2048w, https:\/\/wordpress.nibis.de\/fme2024\/files\/2024\/09\/IMG_2156-521x270.png 521w\" sizes=\"auto, (max-width: 300px) 100vw, 300px\" \/><\/figure><\/div>\n\n\n\n<p><strong>Axel D\u00fcrkop: <\/strong>Algorithmen und K\u00fcnstliche Intelligenz: Was m\u00fcssen wir wissen, was m\u00fcssen wir k\u00f6nnen, wer wollen wir sein? (<a rel=\"noreferrer noopener\" href=\"https:\/\/podcasts.apple.com\/de\/podcast\/schule-macht-medien-medien-machen-schule\/id1505246754?i=1000669344227\" target=\"_blank\">Apple Podcasts<\/a> und <a rel=\"noreferrer noopener\" href=\"https:\/\/open.spotify.com\/episode\/4yBYmqK1gkimRfQPGeyx4v?si=gP5bjZMNRbOgFGCl-9NdZQ\" target=\"_blank\">Spotify<\/a>)<\/p>\n\n\n\n<div style=\"height:20px\" aria-hidden=\"true\" class=\"wp-block-spacer\"><\/div>\n\n\n\n<hr class=\"wp-block-separator\" \/>\n\n\n\n<div class=\"wp-block-image\"><figure class=\"alignleft size-medium\"><img loading=\"lazy\" decoding=\"async\" width=\"300\" height=\"225\" src=\"https:\/\/wordpress.nibis.de\/fme2024\/files\/2024\/09\/m2m-300x225.jpg\" alt=\"\" class=\"wp-image-333\" srcset=\"https:\/\/wordpress.nibis.de\/fme2024\/files\/2024\/09\/m2m-300x225.jpg 300w, https:\/\/wordpress.nibis.de\/fme2024\/files\/2024\/09\/m2m-1024x768.jpg 1024w, https:\/\/wordpress.nibis.de\/fme2024\/files\/2024\/09\/m2m-768x576.jpg 768w, https:\/\/wordpress.nibis.de\/fme2024\/files\/2024\/09\/m2m-1536x1152.jpg 1536w, https:\/\/wordpress.nibis.de\/fme2024\/files\/2024\/09\/m2m-2048x1536.jpg 2048w, https:\/\/wordpress.nibis.de\/fme2024\/files\/2024\/09\/m2m-360x270.jpg 360w\" sizes=\"auto, (max-width: 300px) 100vw, 300px\" \/><\/figure><\/div>\n\n\n\n<p><strong>Prof. Dr. Rainer M\u00fchlhoff: <\/strong>Autonomie, Privatheit, Chancengleichheit: bringt k\u00fcnstliche Intelligenz unsere gesellschaftlichen Werte in Gefahr? (<a href=\"https:\/\/podcasts.apple.com\/de\/podcast\/schule-macht-medien-medien-machen-schule\/id1505246754?i=1000669350630\" target=\"_blank\" rel=\"noreferrer noopener\">Apple Podcasts<\/a> und <a href=\"https:\/\/podcasters.spotify.com\/pod\/show\/schulemachtmedien\/episodes\/SMM-062-Forum-Medienethik-2024-Digitale-Souvernitt-in-Zeiten-von-KI---mit-Prof--Dr--Rainer-Mhlhoff-e2ob1qo\" target=\"_blank\" rel=\"noreferrer noopener\">Spotify<\/a>)<\/p>\n","protected":false},"excerpt":{"rendered":"<p>Im Podcast Schule Macht Medien &#8211; Medien machen Schule (SMM) sind die Keynote-Vortr\u00e4ge der beiden Referenten zu h\u00f6ren: Axel D\u00fcrkop: Algorithmen und K\u00fcnstliche Intelligenz: Was m\u00fcssen wir wissen, was m\u00fcssen wir k\u00f6nnen, wer wollen wir sein? (Apple Podcasts und Spotify) Prof. Dr. Rainer M\u00fchlhoff: Autonomie, Privatheit, Chancengleichheit: bringt k\u00fcnstliche Intelligenz unsere gesellschaftlichen Werte in Gefahr? (Apple Podcasts und Spotify)<\/p>\n","protected":false},"author":9192975,"featured_media":333,"comment_status":"closed","ping_status":"closed","sticky":true,"template":"","format":"standard","meta":{"footnotes":""},"categories":[6,1,8],"tags":[],"class_list":["post-332","post","type-post","status-publish","format-standard","has-post-thumbnail","hentry","category-6","category-allgemein","category-medien-und-material"],"_links":{"self":[{"href":"https:\/\/wordpress.nibis.de\/fme2024\/wp-json\/wp\/v2\/posts\/332","targetHints":{"allow":["GET"]}}],"collection":[{"href":"https:\/\/wordpress.nibis.de\/fme2024\/wp-json\/wp\/v2\/posts"}],"about":[{"href":"https:\/\/wordpress.nibis.de\/fme2024\/wp-json\/wp\/v2\/types\/post"}],"author":[{"embeddable":true,"href":"https:\/\/wordpress.nibis.de\/fme2024\/wp-json\/wp\/v2\/users\/9192975"}],"replies":[{"embeddable":true,"href":"https:\/\/wordpress.nibis.de\/fme2024\/wp-json\/wp\/v2\/comments?post=332"}],"version-history":[{"count":10,"href":"https:\/\/wordpress.nibis.de\/fme2024\/wp-json\/wp\/v2\/posts\/332\/revisions"}],"predecessor-version":[{"id":345,"href":"https:\/\/wordpress.nibis.de\/fme2024\/wp-json\/wp\/v2\/posts\/332\/revisions\/345"}],"wp:featuredmedia":[{"embeddable":true,"href":"https:\/\/wordpress.nibis.de\/fme2024\/wp-json\/wp\/v2\/media\/333"}],"wp:attachment":[{"href":"https:\/\/wordpress.nibis.de\/fme2024\/wp-json\/wp\/v2\/media?parent=332"}],"wp:term":[{"taxonomy":"category","embeddable":true,"href":"https:\/\/wordpress.nibis.de\/fme2024\/wp-json\/wp\/v2\/categories?post=332"},{"taxonomy":"post_tag","embeddable":true,"href":"https:\/\/wordpress.nibis.de\/fme2024\/wp-json\/wp\/v2\/tags?post=332"}],"curies":[{"name":"wp","href":"https:\/\/api.w.org\/{rel}","templated":true}]}}