{"id":516,"date":"2026-03-17T17:07:04","date_gmt":"2026-03-17T16:07:04","guid":{"rendered":"https:\/\/wordpress.nibis.de\/foerderschule-ammerland\/?p=516"},"modified":"2026-03-17T17:10:37","modified_gmt":"2026-03-17T16:10:37","slug":"anmeldungen-an-der-foerderschule","status":"publish","type":"post","link":"https:\/\/wordpress.nibis.de\/foerderschule-ammerland\/2026\/03\/17\/anmeldungen-an-der-foerderschule\/","title":{"rendered":"Anmeldungen an der F\u00f6rderschule Rastede"},"content":{"rendered":"\n<p>Liebe Eltern, liebe Erziehungsberechtigte,<\/p>\n\n\n\n<p>aktuell finden die Anmeldungen an der F\u00f6rderschule Rastede zum kommenden Schuljahr 2026\/27, f\u00fcr die Klassen 5 statt. Auch Schulanmeldungen f\u00fcr Kl. 6-8 nehmen wir entgegen.<\/p>\n\n\n\n<p><\/p>\n\n\n\n<p><a href=\"https:\/\/wordpress.nibis.de\/foerderschule-ammerland\/files\/2025\/05\/Anmeldeformular_Foerderschule.pdf\" data-type=\"attachment\" data-id=\"56\">Anmeldeformular F\u00f6rderschule<\/a><\/p>\n\n\n\n<p><a href=\"https:\/\/wordpress.nibis.de\/foerderschule-ammerland\/files\/2025\/05\/Erklaerung_zur_Sorgeberechtigung.pdf\" data-type=\"attachment\" data-id=\"57\">Erkl\u00e4rung der Sorgeberechtigten<\/a><\/p>\n\n\n\n<p><a href=\"https:\/\/wordpress.nibis.de\/foerderschule-ammerland\/files\/2025\/05\/Belehrung_zum_Infektionsschutzgesetz.pdf\" data-type=\"attachment\" data-id=\"58\">Belehrung zum Infektionsschutzgesetz<\/a><\/p>\n\n\n\n<p><a href=\"https:\/\/wordpress.nibis.de\/foerderschule-ammerland\/files\/2025\/05\/Informationsblatt_Datenschutz.pdf\" data-type=\"attachment\" data-id=\"54\">Informationsblatt Datenschutz<\/a><\/p>\n\n\n\n<p><a href=\"https:\/\/wordpress.nibis.de\/foerderschule-ammerland\/files\/2025\/05\/Waffenerlass_Schule.pdf\" data-type=\"attachment\" data-id=\"55\">Waffenerlass Schule<\/a><\/p>\n\n\n\n<p><\/p>\n\n\n\n<p>Ansprechpartner bei uns ist Herr Krumnow (F\u00f6rderschulrektor), erreichbar per mail : &#115;&#x63;&#x68;&#117;&#x6c;&#x6c;&#101;&#x69;&#x74;&#117;&#x6e;&#x67;&#64;&#x66;&#x65;&#115;&#x2d;&#x61;&#109;&#x6d;&#x65;&#114;&#x6c;&#x61;&#110;&#x64;&#x2e;d&#x65;<\/p>\n\n\n\n<p>Telefonisch erreichen Sie uns unter : 04402-7069190<\/p>\n\n\n\n<p>Wir freuen uns auf Sie.<\/p>\n","protected":false},"excerpt":{"rendered":"<p>Liebe Eltern, liebe Erziehungsberechtigte, aktuell finden die Anmeldungen an der F\u00f6rderschule Rastede zum kommenden Schuljahr 2026\/27, f\u00fcr die Klassen 5 statt. Auch Schulanmeldungen f\u00fcr Kl. 6-8 nehmen wir entgegen. Anmeldeformular F\u00f6rderschule Erkl\u00e4rung der Sorgeberechtigten Belehrung zum Infektionsschutzgesetz Informationsblatt Datenschutz Waffenerlass Schule Ansprechpartner bei uns ist Herr Krumnow (F\u00f6rderschulrektor), erreichbar per mail : sch&#117;&#108;&#108;&#x65;&#x69;&#x74;&#x75;&#x6e;&#x67;&#64;fe&#115;&#45;&#97;&#109;&#x6d;&#x65;&#x72;&#x6c;&#x61;&#x6e;d&#46;d&#101; Telefonisch erreichen [&hellip;]<\/p>\n","protected":false},"author":9192954,"featured_media":0,"comment_status":"closed","ping_status":"closed","sticky":false,"template":"","format":"standard","meta":{"footnotes":""},"categories":[1],"tags":[],"class_list":["post-516","post","type-post","status-publish","format-standard","hentry","category-allgemein"],"_links":{"self":[{"href":"https:\/\/wordpress.nibis.de\/foerderschule-ammerland\/wp-json\/wp\/v2\/posts\/516","targetHints":{"allow":["GET"]}}],"collection":[{"href":"https:\/\/wordpress.nibis.de\/foerderschule-ammerland\/wp-json\/wp\/v2\/posts"}],"about":[{"href":"https:\/\/wordpress.nibis.de\/foerderschule-ammerland\/wp-json\/wp\/v2\/types\/post"}],"author":[{"embeddable":true,"href":"https:\/\/wordpress.nibis.de\/foerderschule-ammerland\/wp-json\/wp\/v2\/users\/9192954"}],"replies":[{"embeddable":true,"href":"https:\/\/wordpress.nibis.de\/foerderschule-ammerland\/wp-json\/wp\/v2\/comments?post=516"}],"version-history":[{"count":3,"href":"https:\/\/wordpress.nibis.de\/foerderschule-ammerland\/wp-json\/wp\/v2\/posts\/516\/revisions"}],"predecessor-version":[{"id":521,"href":"https:\/\/wordpress.nibis.de\/foerderschule-ammerland\/wp-json\/wp\/v2\/posts\/516\/revisions\/521"}],"wp:attachment":[{"href":"https:\/\/wordpress.nibis.de\/foerderschule-ammerland\/wp-json\/wp\/v2\/media?parent=516"}],"wp:term":[{"taxonomy":"category","embeddable":true,"href":"https:\/\/wordpress.nibis.de\/foerderschule-ammerland\/wp-json\/wp\/v2\/categories?post=516"},{"taxonomy":"post_tag","embeddable":true,"href":"https:\/\/wordpress.nibis.de\/foerderschule-ammerland\/wp-json\/wp\/v2\/tags?post=516"}],"curies":[{"name":"wp","href":"https:\/\/api.w.org\/{rel}","templated":true}]}}