{"id":89,"date":"2025-06-12T13:52:46","date_gmt":"2025-06-12T11:52:46","guid":{"rendered":"https:\/\/wordpress.nibis.de\/foerderschule-ammerland\/?p=89"},"modified":"2025-06-12T13:52:47","modified_gmt":"2025-06-12T11:52:47","slug":"news","status":"publish","type":"post","link":"https:\/\/wordpress.nibis.de\/foerderschule-ammerland\/2025\/06\/12\/news\/","title":{"rendered":"NEWS"},"content":{"rendered":"\n<p>Zum Schuljahr 2025\/2026 \u00f6ffnet die F\u00f6rderschule Rastede mit dem Schwerpunkt emotionale und soziale Entwicklung als offene Ganztagsschule ihre T\u00fcren.&nbsp;Die neue F\u00f6rderschule startet aufsteigend mit den Klassen 5 bis 7. Das Schulangebot richtet sich an Sch\u00fclerinnen und Sch\u00fcler aus dem Landkreis Ammerland, f\u00fcr die der F\u00f6rderbedarf emotionale und soziale Entwicklung per Gutachten festgestellt wurde.&nbsp;Die F\u00f6rderschule ES sieht sich als Durchgangsschule mit dem Ziel der R\u00fcckschulung. M\u00f6gliche Abschl\u00fcsse sind der Abschluss der F\u00f6rderschule im Schwerpunkt Lernen sowie der Sekundarabschluss I (Haupt- und Realschulabschluss).<\/p>\n\n\n\n<p>Anmeldungen zum Schuljahr 2025\/2026 k\u00f6nnen direkt in der Schule, Schiller\u00adstra\u00dfe 2 in Rastede erfolgen. Unter 04402-2152&nbsp; k\u00f6nnen individuelle Termine vereinbart werden. Die Unterlagen zur Anmeldung k\u00f6nnen im Dokumentenbereich heruntergeladen werden. Dazu geh\u00f6ren das Anmeldeformular, die Erkl\u00e4rung zur Sorgeberechtigung, die Belehrung zum Infektionsschutzgesetz, das Informationsblatt zum Datenschutz sowie der Waffenerlass an Schulen. F\u00fcr die Anmeldung&nbsp;ebenfalls erforderlich ist ein Nachweis \u00fcber den Masernimpfschutz (gelbes Impfheft) sowie der Nachweis \u00fcber den F\u00f6rderbedarf des betreffenden Kindes. Gern darf auch das letzte vorliegende Zeugnis mitgebracht werden.<\/p>\n","protected":false},"excerpt":{"rendered":"<p>Zum Schuljahr 2025\/2026 \u00f6ffnet die F\u00f6rderschule Rastede mit dem Schwerpunkt emotionale und soziale Entwicklung als offene Ganztagsschule ihre T\u00fcren.&nbsp;Die neue F\u00f6rderschule startet aufsteigend mit den Klassen 5 bis 7. Das Schulangebot richtet sich an Sch\u00fclerinnen und Sch\u00fcler aus dem Landkreis Ammerland, f\u00fcr die der F\u00f6rderbedarf emotionale und soziale Entwicklung per Gutachten festgestellt wurde.&nbsp;Die F\u00f6rderschule ES [&hellip;]<\/p>\n","protected":false},"author":9194615,"featured_media":0,"comment_status":"closed","ping_status":"closed","sticky":false,"template":"","format":"standard","meta":{"footnotes":""},"categories":[1],"tags":[],"class_list":["post-89","post","type-post","status-publish","format-standard","hentry","category-allgemein"],"_links":{"self":[{"href":"https:\/\/wordpress.nibis.de\/foerderschule-ammerland\/wp-json\/wp\/v2\/posts\/89","targetHints":{"allow":["GET"]}}],"collection":[{"href":"https:\/\/wordpress.nibis.de\/foerderschule-ammerland\/wp-json\/wp\/v2\/posts"}],"about":[{"href":"https:\/\/wordpress.nibis.de\/foerderschule-ammerland\/wp-json\/wp\/v2\/types\/post"}],"author":[{"embeddable":true,"href":"https:\/\/wordpress.nibis.de\/foerderschule-ammerland\/wp-json\/wp\/v2\/users\/9194615"}],"replies":[{"embeddable":true,"href":"https:\/\/wordpress.nibis.de\/foerderschule-ammerland\/wp-json\/wp\/v2\/comments?post=89"}],"version-history":[{"count":1,"href":"https:\/\/wordpress.nibis.de\/foerderschule-ammerland\/wp-json\/wp\/v2\/posts\/89\/revisions"}],"predecessor-version":[{"id":90,"href":"https:\/\/wordpress.nibis.de\/foerderschule-ammerland\/wp-json\/wp\/v2\/posts\/89\/revisions\/90"}],"wp:attachment":[{"href":"https:\/\/wordpress.nibis.de\/foerderschule-ammerland\/wp-json\/wp\/v2\/media?parent=89"}],"wp:term":[{"taxonomy":"category","embeddable":true,"href":"https:\/\/wordpress.nibis.de\/foerderschule-ammerland\/wp-json\/wp\/v2\/categories?post=89"},{"taxonomy":"post_tag","embeddable":true,"href":"https:\/\/wordpress.nibis.de\/foerderschule-ammerland\/wp-json\/wp\/v2\/tags?post=89"}],"curies":[{"name":"wp","href":"https:\/\/api.w.org\/{rel}","templated":true}]}}