{"id":3242,"date":"2026-09-04T10:45:18","date_gmt":"2026-09-04T08:45:18","guid":{"rendered":"https:\/\/wordpress.nibis.de\/gs-berge\/?p=3242"},"modified":"2026-09-04T11:00:55","modified_gmt":"2026-09-04T09:00:55","slug":"unsere-lesepaten-sind-lokalstars-2026","status":"publish","type":"post","link":"https:\/\/wordpress.nibis.de\/gs-berge\/unsere-lesepaten-sind-lokalstars-2026\/","title":{"rendered":"Unsere Lesepaten sind &#8222;LokalStars&#8220; 2026!"},"content":{"rendered":"\n<p class=\"wp-block-paragraph\">Gro\u00dfe Freude an der Grundschule Berge: Die Lesepaten wurden mit dem Westenergie LokalStars-Award 2026 ausgezeichnet!<\/p>\n\n\n\n<figure class=\"wp-block-gallery has-nested-images columns-default is-cropped wp-block-gallery-1 is-layout-flex wp-block-gallery-is-layout-flex\">\n<figure class=\"wp-block-image size-large tw-width-100\"><img loading=\"lazy\" decoding=\"async\" width=\"800\" height=\"427\" data-id=\"3248\" src=\"https:\/\/wordpress.nibis.de\/gs-berge\/files\/2026\/09\/Westenergie_Ehrung-800x427.jpg\" alt=\"\" class=\"wp-image-3248\" srcset=\"https:\/\/wordpress.nibis.de\/gs-berge\/files\/2026\/09\/Westenergie_Ehrung-800x427.jpg 800w, https:\/\/wordpress.nibis.de\/gs-berge\/files\/2026\/09\/Westenergie_Ehrung-300x160.jpg 300w, https:\/\/wordpress.nibis.de\/gs-berge\/files\/2026\/09\/Westenergie_Ehrung-768x410.jpg 768w, https:\/\/wordpress.nibis.de\/gs-berge\/files\/2026\/09\/Westenergie_Ehrung-100x53.jpg 100w, https:\/\/wordpress.nibis.de\/gs-berge\/files\/2026\/09\/Westenergie_Ehrung-1536x819.jpg 1536w, https:\/\/wordpress.nibis.de\/gs-berge\/files\/2026\/09\/Westenergie_Ehrung.jpg 2048w\" sizes=\"auto, (max-width: 800px) 100vw, 800px\" \/><\/figure>\n\n\n\n<figure class=\"wp-block-image size-large\"><img loading=\"lazy\" decoding=\"async\" width=\"479\" height=\"600\" data-id=\"3246\" src=\"https:\/\/wordpress.nibis.de\/gs-berge\/files\/2026\/09\/Westenergei_Medaille-479x600.jpg\" alt=\"\" class=\"wp-image-3246\" srcset=\"https:\/\/wordpress.nibis.de\/gs-berge\/files\/2026\/09\/Westenergei_Medaille-479x600.jpg 479w, https:\/\/wordpress.nibis.de\/gs-berge\/files\/2026\/09\/Westenergei_Medaille-240x300.jpg 240w, https:\/\/wordpress.nibis.de\/gs-berge\/files\/2026\/09\/Westenergei_Medaille-768x962.jpg 768w, https:\/\/wordpress.nibis.de\/gs-berge\/files\/2026\/09\/Westenergei_Medaille-100x125.jpg 100w, https:\/\/wordpress.nibis.de\/gs-berge\/files\/2026\/09\/Westenergei_Medaille.jpg 1099w\" sizes=\"auto, (max-width: 479px) 100vw, 479px\" \/><\/figure>\n<\/figure>\n\n\n\n<p class=\"wp-block-paragraph\">Mit dem neuen LokalStars-Award w\u00fcrdigen Westenergie und die Samtgemeinde F\u00fcrstenau Menschen und Projekte, die sich vor Ort f\u00fcr eine starke Gemeinschaft und lebenswerte Zukunft einsetzen. Die Lesepaten haben sich mit ihrem langj\u00e4hrigen ehrenamtlichen Engagement beworben und konnten \u00fcberzeugen. Sie wurden mit dem LokalStars Award ausgezeichnet und erhielten ein Preisgeld von 500 Euro. Bereits seit mehr als 25 Jahren engagieren sich ehrenamtliche Lesepaten und Mathe-Mentoren an unserer Schule. Sie schenken den Kindern vor allem eins: Zeit und pers\u00f6nliche Unterst\u00fctzung.<\/p>\n\n\n\n<p class=\"wp-block-paragraph\">Die Lesepaten lesen mit einzelnen Kindern, \u00fcben das laute Lesen und helfen dabei, Lesekompetenz und Freude an B\u00fcchern zu entwickeln. Oft begleiten sie die Sch\u00fclerinnen und Sch\u00fcler \u00fcber einen l\u00e4ngeren Zeitraum und k\u00f6nnen dadurch ganz individuell auf ihre Bed\u00fcrfnisse eingehen. <\/p>\n\n\n\n<p class=\"wp-block-paragraph\">Unsere Mathe-Mentoren unterst\u00fctzen die Kinder ebenso engagiert beim Rechnen und beim Wiederholen von Lerninhalten. Dabei kommen auch Spiele zum Einsatz, bei denen ganz nebenbei mathematisches Verst\u00e4ndnis trainiert wird.<\/p>\n\n\n\n<p class=\"wp-block-paragraph\">B\u00fcrgermeister Dimitri Gappel w\u00fcrdigte den ehrenamtlichen Einsatz vor Ort und betonte, wie stolz die Gemeinde auf dieses Engagement ist. F\u00fcr unsere LokalStars kann die Reise noch weiter gehen: Die kommunalen Gewinner haben die M\u00f6glichkeit, sich f\u00fcr den Regionalentscheid zu qualifizieren.<\/p>\n\n\n\n<p class=\"wp-block-paragraph\">Wir freuen uns riesig \u00fcber die Auszeichnung und sind insbesondere stolz auf die Menschen, die sich seit vielen Jahren mit so viel Herz und Zeit f\u00fcr die Kinder einsetzen!<\/p>\n\n\n\n<p class=\"wp-block-paragraph\"><\/p>\n\n\n\n<p class=\"wp-block-paragraph\"><\/p>\n","protected":false},"excerpt":{"rendered":"<p>Gro\u00dfe Freude an der Grundschule Berge: Die Lesepaten wurden mit dem Westenergie LokalStars-Award 2026 ausgezeichnet! Mit dem neuen LokalStars-Award w\u00fcrdigen Westenergie und die Samtgemeinde F\u00fcrstenau Menschen und Projekte, die sich vor Ort f\u00fcr eine starke Gemeinschaft und lebenswerte Zukunft einsetzen. &hellip; <a href=\"https:\/\/wordpress.nibis.de\/gs-berge\/unsere-lesepaten-sind-lokalstars-2026\/\">Weiterlesen <span class=\"meta-nav\">&rarr;<\/span><\/a><\/p>\n","protected":false},"author":9194751,"featured_media":0,"comment_status":"closed","ping_status":"closed","sticky":false,"template":"","format":"standard","meta":{"footnotes":""},"categories":[1],"tags":[],"class_list":["post-3242","post","type-post","status-publish","format-standard","hentry","category-allgemein"],"_links":{"self":[{"href":"https:\/\/wordpress.nibis.de\/gs-berge\/wp-json\/wp\/v2\/posts\/3242","targetHints":{"allow":["GET"]}}],"collection":[{"href":"https:\/\/wordpress.nibis.de\/gs-berge\/wp-json\/wp\/v2\/posts"}],"about":[{"href":"https:\/\/wordpress.nibis.de\/gs-berge\/wp-json\/wp\/v2\/types\/post"}],"author":[{"embeddable":true,"href":"https:\/\/wordpress.nibis.de\/gs-berge\/wp-json\/wp\/v2\/users\/9194751"}],"replies":[{"embeddable":true,"href":"https:\/\/wordpress.nibis.de\/gs-berge\/wp-json\/wp\/v2\/comments?post=3242"}],"version-history":[{"count":4,"href":"https:\/\/wordpress.nibis.de\/gs-berge\/wp-json\/wp\/v2\/posts\/3242\/revisions"}],"predecessor-version":[{"id":3251,"href":"https:\/\/wordpress.nibis.de\/gs-berge\/wp-json\/wp\/v2\/posts\/3242\/revisions\/3251"}],"wp:attachment":[{"href":"https:\/\/wordpress.nibis.de\/gs-berge\/wp-json\/wp\/v2\/media?parent=3242"}],"wp:term":[{"taxonomy":"category","embeddable":true,"href":"https:\/\/wordpress.nibis.de\/gs-berge\/wp-json\/wp\/v2\/categories?post=3242"},{"taxonomy":"post_tag","embeddable":true,"href":"https:\/\/wordpress.nibis.de\/gs-berge\/wp-json\/wp\/v2\/tags?post=3242"}],"curies":[{"name":"wp","href":"https:\/\/api.w.org\/{rel}","templated":true}]}}