{"id":1429,"date":"2021-09-09T08:53:35","date_gmt":"2021-09-09T06:53:35","guid":{"rendered":"https:\/\/wordpress.nibis.de\/gs-brock\/?p=1429"},"modified":"2021-09-09T08:53:35","modified_gmt":"2021-09-09T06:53:35","slug":"einschulung","status":"publish","type":"post","link":"https:\/\/wordpress.nibis.de\/gs-brock\/einschulung\/","title":{"rendered":"Einschulung"},"content":{"rendered":"\n<figure class=\"wp-block-image size-large\"><img loading=\"lazy\" decoding=\"async\" width=\"1200\" height=\"675\" src=\"https:\/\/wordpress.nibis.de\/gs-brock\/files\/2021\/09\/Einschulung2021-1-1200x675.jpg\" alt=\"\" class=\"wp-image-1430\" srcset=\"https:\/\/wordpress.nibis.de\/gs-brock\/files\/2021\/09\/Einschulung2021-1-1200x675.jpg 1200w, https:\/\/wordpress.nibis.de\/gs-brock\/files\/2021\/09\/Einschulung2021-1-850x478.jpg 850w, https:\/\/wordpress.nibis.de\/gs-brock\/files\/2021\/09\/Einschulung2021-1-250x141.jpg 250w\" sizes=\"auto, (max-width: 1200px) 100vw, 1200px\" \/><figcaption>Am 04. September 2021 feierten die &#8222;Igel&#8220; und die &#8222;F\u00fcchse&#8220; den Tag ihrer Einschulung. Wir w\u00fcnschen den Erstkl\u00e4sslern viel Spa\u00df an unserer Schule.<\/figcaption><\/figure>\n","protected":false},"excerpt":{"rendered":"","protected":false},"author":9193281,"featured_media":0,"comment_status":"closed","ping_status":"closed","sticky":false,"template":"","format":"standard","meta":{"footnotes":""},"categories":[1],"tags":[],"class_list":["post-1429","post","type-post","status-publish","format-standard","hentry","category-allgemein","without-featured-image"],"_links":{"self":[{"href":"https:\/\/wordpress.nibis.de\/gs-brock\/wp-json\/wp\/v2\/posts\/1429","targetHints":{"allow":["GET"]}}],"collection":[{"href":"https:\/\/wordpress.nibis.de\/gs-brock\/wp-json\/wp\/v2\/posts"}],"about":[{"href":"https:\/\/wordpress.nibis.de\/gs-brock\/wp-json\/wp\/v2\/types\/post"}],"author":[{"embeddable":true,"href":"https:\/\/wordpress.nibis.de\/gs-brock\/wp-json\/wp\/v2\/users\/9193281"}],"replies":[{"embeddable":true,"href":"https:\/\/wordpress.nibis.de\/gs-brock\/wp-json\/wp\/v2\/comments?post=1429"}],"version-history":[{"count":1,"href":"https:\/\/wordpress.nibis.de\/gs-brock\/wp-json\/wp\/v2\/posts\/1429\/revisions"}],"predecessor-version":[{"id":1431,"href":"https:\/\/wordpress.nibis.de\/gs-brock\/wp-json\/wp\/v2\/posts\/1429\/revisions\/1431"}],"wp:attachment":[{"href":"https:\/\/wordpress.nibis.de\/gs-brock\/wp-json\/wp\/v2\/media?parent=1429"}],"wp:term":[{"taxonomy":"category","embeddable":true,"href":"https:\/\/wordpress.nibis.de\/gs-brock\/wp-json\/wp\/v2\/categories?post=1429"},{"taxonomy":"post_tag","embeddable":true,"href":"https:\/\/wordpress.nibis.de\/gs-brock\/wp-json\/wp\/v2\/tags?post=1429"}],"curies":[{"name":"wp","href":"https:\/\/api.w.org\/{rel}","templated":true}]}}