{"id":1483,"date":"2021-12-27T19:22:50","date_gmt":"2021-12-27T18:22:50","guid":{"rendered":"https:\/\/wordpress.nibis.de\/gs-brock\/?p=1483"},"modified":"2021-12-27T19:46:27","modified_gmt":"2021-12-27T18:46:27","slug":"abschied-von-buergermeister-tobias-gerdesmeyer","status":"publish","type":"post","link":"https:\/\/wordpress.nibis.de\/gs-brock\/abschied-von-buergermeister-tobias-gerdesmeyer\/","title":{"rendered":"Abschied von B\u00fcrgermeister Tobias Gerdesmeyer"},"content":{"rendered":"\n<figure class=\"wp-block-image size-large is-resized\"><img loading=\"lazy\" decoding=\"async\" src=\"https:\/\/wordpress.nibis.de\/gs-brock\/files\/2021\/12\/KarteAbschied-1074x675.jpg\" alt=\"\" class=\"wp-image-1486\" width=\"367\" height=\"230\" \/><figcaption>Zum Abschied unseres B\u00fcrgermeisters Tobias Gerdesmeyer brauchten wir ein originelles Geschenk.<\/figcaption><\/figure>\n\n\n\n<p>Zusammen mit den Sch\u00fclerinnen und Sch\u00fclern haben wir die \u00c4pfel von unserem schuleigenen Apfelbaum geerntet und daraus frischen Apfelsaft gepresst.<\/p>\n\n\n\n<p>Die passende Karte haben die Betreuungskinder gebastelt.<\/p>\n\n\n\n<p>Tobias Gerdesmeyer hat sich sichtlich gefreut und uns eine Videobotschaft geschickt.<\/p>\n\n\n\n<p>Wir w\u00fcnschen ihm in seiner neuen Funktion als Landrat alles Gute und freuen uns auf ein Wiedersehen!<\/p>\n\n\n\n<div class=\"wp-block-media-text alignwide is-stacked-on-mobile\"><figure class=\"wp-block-media-text__media\"><video controls src=\"https:\/\/wordpress.nibis.de\/gs-brock\/files\/2021\/12\/VID-20211227-WA0000-2.mp4\"><\/video><\/figure><div class=\"wp-block-media-text__content\"><\/div><\/div>\n","protected":false},"excerpt":{"rendered":"<p>Zusammen mit den Sch\u00fclerinnen und Sch\u00fclern haben wir die \u00c4pfel von unserem schuleigenen Apfelbaum geerntet und daraus frischen Apfelsaft gepresst. Die passende Karte haben die Betreuungskinder gebastelt. Tobias Gerdesmeyer hat sich sichtlich gefreut und uns eine Videobotschaft geschickt. Wir w\u00fcnschen ihm in seiner neuen Funktion als Landrat alles Gute und freuen uns auf ein Wiedersehen!<\/p>\n","protected":false},"author":9193281,"featured_media":0,"comment_status":"closed","ping_status":"closed","sticky":false,"template":"","format":"standard","meta":{"footnotes":""},"categories":[1],"tags":[],"class_list":["post-1483","post","type-post","status-publish","format-standard","hentry","category-allgemein","without-featured-image"],"_links":{"self":[{"href":"https:\/\/wordpress.nibis.de\/gs-brock\/wp-json\/wp\/v2\/posts\/1483","targetHints":{"allow":["GET"]}}],"collection":[{"href":"https:\/\/wordpress.nibis.de\/gs-brock\/wp-json\/wp\/v2\/posts"}],"about":[{"href":"https:\/\/wordpress.nibis.de\/gs-brock\/wp-json\/wp\/v2\/types\/post"}],"author":[{"embeddable":true,"href":"https:\/\/wordpress.nibis.de\/gs-brock\/wp-json\/wp\/v2\/users\/9193281"}],"replies":[{"embeddable":true,"href":"https:\/\/wordpress.nibis.de\/gs-brock\/wp-json\/wp\/v2\/comments?post=1483"}],"version-history":[{"count":3,"href":"https:\/\/wordpress.nibis.de\/gs-brock\/wp-json\/wp\/v2\/posts\/1483\/revisions"}],"predecessor-version":[{"id":1490,"href":"https:\/\/wordpress.nibis.de\/gs-brock\/wp-json\/wp\/v2\/posts\/1483\/revisions\/1490"}],"wp:attachment":[{"href":"https:\/\/wordpress.nibis.de\/gs-brock\/wp-json\/wp\/v2\/media?parent=1483"}],"wp:term":[{"taxonomy":"category","embeddable":true,"href":"https:\/\/wordpress.nibis.de\/gs-brock\/wp-json\/wp\/v2\/categories?post=1483"},{"taxonomy":"post_tag","embeddable":true,"href":"https:\/\/wordpress.nibis.de\/gs-brock\/wp-json\/wp\/v2\/tags?post=1483"}],"curies":[{"name":"wp","href":"https:\/\/api.w.org\/{rel}","templated":true}]}}