{"id":1879,"date":"2023-01-31T17:00:11","date_gmt":"2023-01-31T16:00:11","guid":{"rendered":"https:\/\/wordpress.nibis.de\/gs-brock\/?p=1879"},"modified":"2023-01-31T17:01:27","modified_gmt":"2023-01-31T16:01:27","slug":"dienstjubilaeum-2","status":"publish","type":"post","link":"https:\/\/wordpress.nibis.de\/gs-brock\/dienstjubilaeum-2\/","title":{"rendered":"Dienstjubil\u00e4um"},"content":{"rendered":"\n<figure class=\"wp-block-image size-full is-resized is-style-default\"><img loading=\"lazy\" decoding=\"async\" src=\"https:\/\/wordpress.nibis.de\/gs-brock\/files\/2023\/01\/Dienstjubilaeum-Kolbeck-1.jpg\" alt=\"\" class=\"wp-image-1880\" width=\"512\" height=\"414\" srcset=\"https:\/\/wordpress.nibis.de\/gs-brock\/files\/2023\/01\/Dienstjubilaeum-Kolbeck-1.jpg 2048w, https:\/\/wordpress.nibis.de\/gs-brock\/files\/2023\/01\/Dienstjubilaeum-Kolbeck-1-768x620.jpg 768w, https:\/\/wordpress.nibis.de\/gs-brock\/files\/2023\/01\/Dienstjubilaeum-Kolbeck-1-1536x1241.jpg 1536w, https:\/\/wordpress.nibis.de\/gs-brock\/files\/2023\/01\/Dienstjubilaeum-Kolbeck-1-471x380.jpg 471w\" sizes=\"auto, (max-width: 512px) 100vw, 512px\" \/><\/figure>\n\n\n\n<p><\/p>\n\n\n\n<p>Unsere Schulleiterin Frau Kolbeck kann am 1. Februar 2023 auf 25 Jahre im Schuldienst zur\u00fcck schauen. Die Urkunde zu ihrem Dienstjubil\u00e4um \u00fcberreichte k\u00fcrzlich die Dezernentin Frau Werner vom Regionalen Landesamt f\u00fcr Schule und Bildung.<\/p>\n\n\n\n<p>Frau Kolbeck ist bereits seit dem 1. August 1999 an der Grundschule Brockdorf t\u00e4tig, unterrichtet die F\u00e4cher Deutsch, Sport und Sachunterricht. Nach dem Abitur 1993 am Lohner Gymnasium, studierte sie Lehramt an der Universit\u00e4t Vechta. Nach einem Referendariat in Emsb\u00fcren kehrte sie in den Kreis Vechta zur\u00fcck und war seitdem in Brockdorf t\u00e4tig.<\/p>\n\n\n\n<p>Seit November 2018 ist Frau Kolbeck die Schulleiterin unserer Schule.<\/p>\n\n\n\n<p>Zum Dienstjubil\u00e4um gratulieren herzlich das Kollegium und alle Sch\u00fclerinnen und Sch\u00fcler der Grundschule Brockdorf.<\/p>\n","protected":false},"excerpt":{"rendered":"<p>Unsere Schulleiterin Frau Kolbeck kann am 1. Februar 2023 auf 25 Jahre im Schuldienst zur\u00fcck schauen. Die Urkunde zu ihrem Dienstjubil\u00e4um \u00fcberreichte k\u00fcrzlich die Dezernentin Frau Werner vom Regionalen Landesamt f\u00fcr Schule und Bildung. Frau Kolbeck ist bereits seit dem 1. August 1999 an der Grundschule Brockdorf t\u00e4tig, unterrichtet die F\u00e4cher Deutsch, Sport und Sachunterricht. &hellip; <a href=\"https:\/\/wordpress.nibis.de\/gs-brock\/dienstjubilaeum-2\/\" class=\"more-link\">Weiterlesen <span class=\"screen-reader-text\">Dienstjubil\u00e4um<\/span><\/a><\/p>\n","protected":false},"author":9193281,"featured_media":0,"comment_status":"closed","ping_status":"closed","sticky":false,"template":"","format":"standard","meta":{"footnotes":""},"categories":[1],"tags":[],"class_list":["post-1879","post","type-post","status-publish","format-standard","hentry","category-allgemein","without-featured-image"],"_links":{"self":[{"href":"https:\/\/wordpress.nibis.de\/gs-brock\/wp-json\/wp\/v2\/posts\/1879","targetHints":{"allow":["GET"]}}],"collection":[{"href":"https:\/\/wordpress.nibis.de\/gs-brock\/wp-json\/wp\/v2\/posts"}],"about":[{"href":"https:\/\/wordpress.nibis.de\/gs-brock\/wp-json\/wp\/v2\/types\/post"}],"author":[{"embeddable":true,"href":"https:\/\/wordpress.nibis.de\/gs-brock\/wp-json\/wp\/v2\/users\/9193281"}],"replies":[{"embeddable":true,"href":"https:\/\/wordpress.nibis.de\/gs-brock\/wp-json\/wp\/v2\/comments?post=1879"}],"version-history":[{"count":6,"href":"https:\/\/wordpress.nibis.de\/gs-brock\/wp-json\/wp\/v2\/posts\/1879\/revisions"}],"predecessor-version":[{"id":1886,"href":"https:\/\/wordpress.nibis.de\/gs-brock\/wp-json\/wp\/v2\/posts\/1879\/revisions\/1886"}],"wp:attachment":[{"href":"https:\/\/wordpress.nibis.de\/gs-brock\/wp-json\/wp\/v2\/media?parent=1879"}],"wp:term":[{"taxonomy":"category","embeddable":true,"href":"https:\/\/wordpress.nibis.de\/gs-brock\/wp-json\/wp\/v2\/categories?post=1879"},{"taxonomy":"post_tag","embeddable":true,"href":"https:\/\/wordpress.nibis.de\/gs-brock\/wp-json\/wp\/v2\/tags?post=1879"}],"curies":[{"name":"wp","href":"https:\/\/api.w.org\/{rel}","templated":true}]}}