{"id":305,"date":"2020-03-18T11:15:00","date_gmt":"2020-03-18T10:15:00","guid":{"rendered":"https:\/\/wordpress.nibis.de\/gs-brock\/?p=305"},"modified":"2020-03-20T16:35:15","modified_gmt":"2020-03-20T15:35:15","slug":"elternbrief-vom-18-03-2020","status":"publish","type":"post","link":"https:\/\/wordpress.nibis.de\/gs-brock\/elternbrief-vom-18-03-2020\/","title":{"rendered":"Elternbrief vom 18.03.2020"},"content":{"rendered":"\n<p><a href=\"https:\/\/wordpress.nibis.de\/gs-brock\/files\/2020\/03\/Corona-Notbetreuung.pdf\">Elternbrief Corona Notbetreuung<\/a><\/p>\n<p><a href=\"https:\/\/www.mk.niedersachsen.de\/startseite\/aktuelles\/presseinformationen\/massnahmen-gegen-coronavirus-notbetreuung-auch-in-den-osterferien-flexibilisierung-fur-inanspruchnahme-186614.html\">Notbetreuung (Stand 20.03.2020)<\/a><\/p>\n<p><a href=\"https:\/\/www.mk.niedersachsen.de\/startseite\/aktuelles\/presseinformationen\/eindammung-des-coronavirus-sars-cov-2-landesweiter-unterrichtsausfall-und-kitaschliessungen-angeordnet-notbetreuung-fur-beschaftigte-der-offentlichen-daseinsvorsorge-186113.html\">Presseinformation MK Niedersachsen<\/a><\/p>\n<p><a href=\"https:\/\/www.mk.niedersachsen.de\/startseite\/aktuelles\/basisinformationen_zu_covid_19_corona\/fragen_und_antworten_zu_einrichtungsschliessung_und_notbetreuung_fur_schulen\/fragen-und-antworten-zu-einrichtungsschliessung-und-notbetreuung-fur-schulen-186236.html\">Fragen und Antworten zur Einrichtungsschlie\u00dfung und Notbetreuung<\/a><\/p>\n<p><a href=\"http:\/\/www.bzga.de\">Bundeszentrale f\u00fcr gesundheitliche Aufkl\u00e4rung<\/a><\/p>\n","protected":false},"excerpt":{"rendered":"<p>Elternbrief Corona Notbetreuung Notbetreuung (Stand 20.03.2020) Presseinformation MK Niedersachsen Fragen und Antworten zur Einrichtungsschlie\u00dfung und Notbetreuung Bundeszentrale f\u00fcr gesundheitliche Aufkl\u00e4rung<\/p>\n","protected":false},"author":9193281,"featured_media":0,"comment_status":"closed","ping_status":"closed","sticky":false,"template":"","format":"standard","meta":{"footnotes":""},"categories":[1],"tags":[],"class_list":["post-305","post","type-post","status-publish","format-standard","hentry","category-allgemein","without-featured-image"],"_links":{"self":[{"href":"https:\/\/wordpress.nibis.de\/gs-brock\/wp-json\/wp\/v2\/posts\/305","targetHints":{"allow":["GET"]}}],"collection":[{"href":"https:\/\/wordpress.nibis.de\/gs-brock\/wp-json\/wp\/v2\/posts"}],"about":[{"href":"https:\/\/wordpress.nibis.de\/gs-brock\/wp-json\/wp\/v2\/types\/post"}],"author":[{"embeddable":true,"href":"https:\/\/wordpress.nibis.de\/gs-brock\/wp-json\/wp\/v2\/users\/9193281"}],"replies":[{"embeddable":true,"href":"https:\/\/wordpress.nibis.de\/gs-brock\/wp-json\/wp\/v2\/comments?post=305"}],"version-history":[{"count":6,"href":"https:\/\/wordpress.nibis.de\/gs-brock\/wp-json\/wp\/v2\/posts\/305\/revisions"}],"predecessor-version":[{"id":333,"href":"https:\/\/wordpress.nibis.de\/gs-brock\/wp-json\/wp\/v2\/posts\/305\/revisions\/333"}],"wp:attachment":[{"href":"https:\/\/wordpress.nibis.de\/gs-brock\/wp-json\/wp\/v2\/media?parent=305"}],"wp:term":[{"taxonomy":"category","embeddable":true,"href":"https:\/\/wordpress.nibis.de\/gs-brock\/wp-json\/wp\/v2\/categories?post=305"},{"taxonomy":"post_tag","embeddable":true,"href":"https:\/\/wordpress.nibis.de\/gs-brock\/wp-json\/wp\/v2\/tags?post=305"}],"curies":[{"name":"wp","href":"https:\/\/api.w.org\/{rel}","templated":true}]}}