{"id":593,"date":"2025-02-05T10:25:48","date_gmt":"2025-02-05T09:25:48","guid":{"rendered":"https:\/\/wordpress.nibis.de\/gs-hoheneggelsen\/?p=593"},"modified":"2025-02-05T10:25:49","modified_gmt":"2025-02-05T09:25:49","slug":"anmeldung-der-schulanfaenger-2026-27","status":"publish","type":"post","link":"https:\/\/wordpress.nibis.de\/gs-hoheneggelsen\/anmeldung-der-schulanfaenger-2026-27\/","title":{"rendered":"Anmeldung der Schulanf\u00e4nger 2026\/27"},"content":{"rendered":"\n<p><strong>Schulanmeldungen f\u00fcr die Grundschulen in der Gemeinde S\u00f6hlde<\/strong><\/p>\n\n\n\n<p>Die Anmeldung der Kinder, die zum Schuljahr 2026\/2027 schulpflichtig werden, findet aufgrund des gesetzlich vorgeschriebenen Sprachtests in den Grundschulen im Fr\u00fchjahr 2025 statt, da die Kinder bei Bedarf ab August 2025 f\u00fcr ein Jahr entsprechenden F\u00f6rderunterricht erhalten. Die Anmeldungen f\u00fcr die Grundschulen im Gemeindebereich finden schriftlich statt. Alle Kinder, die in der Zeit vom 01.10.2019 bis 30.09.2020 geboren sind, werden zum Beginn des genannten Schuljahres schulpflichtig. Betroffen sind ebenso Kinder, die in diesem Jahr vom Schulbesuch zur\u00fcckgestellt wurden. Bei Kindern, die keine Kita besuchen, wird der Sprachstand durch die Schule festgestellt. Sofern Sprachf\u00f6rderbedarf besteht, erhalten diese Kinder ab August 2025 eine verpflichtende F\u00f6rderung durch die Grundschulen.<br>Kinder, die nach dem 30.09.2020 geboren wurden, k\u00f6nnen auf Antrag der Erziehungsberechtigten in die Schule aufgenommen werden, wenn sie die k\u00f6rperliche und geistige Schulf\u00e4higkeit besitzen und zudem in ihrem sozialen Verhalten ausreichend entwickelt sind.<br>F\u00fcr die Anmeldung ist die Geburtsurkunde beizuf\u00fcgen sowie ggf. eine Sorgerechtsbescheinigung vorzulegen. Die kompletten Anmeldeunterlagen (Anmeldebogen und der Fragebogen zur Feststellung des Sprachstandes usw.) werden Ihnen per Post Anfang M\u00e4rz 2025 zugesandt. Bitte geben Sie die ausgef\u00fcllten Unterlagen bis zum 15. M\u00e4rz 2025 per Post oder Briefkasten (Einwurf) an der Grundschule zur\u00fcck.<\/p>\n\n\n\n<p><br><strong>Grundschule Hoheneggelsen (05129 592)<\/strong><br>An der Schule 10<br>31185 Hoheneggelsen<\/p>\n\n\n\n<p><br><strong>Grundschule Nettlingen (05123 8902)<\/strong><br>Am Park 3A<br>31185 Nettlingen<\/p>\n\n\n\n<p><br><strong>Grundschule S\u00f6hlde (05129 7343)<\/strong><br>Schulstra\u00dfe 1<br>31185 S\u00f6hlde<\/p>\n","protected":false},"excerpt":{"rendered":"<p>Schulanmeldungen f\u00fcr die Grundschulen in der Gemeinde S\u00f6hlde Die Anmeldung der Kinder, die zum Schuljahr 2026\/2027 schulpflichtig werden, &hellip; <\/p>\n","protected":false},"author":9194419,"featured_media":48,"comment_status":"closed","ping_status":"closed","sticky":false,"template":"","format":"standard","meta":{"footnotes":""},"categories":[1],"tags":[],"class_list":["post-593","post","type-post","status-publish","format-standard","has-post-thumbnail","hentry","category-allgemein"],"_links":{"self":[{"href":"https:\/\/wordpress.nibis.de\/gs-hoheneggelsen\/wp-json\/wp\/v2\/posts\/593","targetHints":{"allow":["GET"]}}],"collection":[{"href":"https:\/\/wordpress.nibis.de\/gs-hoheneggelsen\/wp-json\/wp\/v2\/posts"}],"about":[{"href":"https:\/\/wordpress.nibis.de\/gs-hoheneggelsen\/wp-json\/wp\/v2\/types\/post"}],"author":[{"embeddable":true,"href":"https:\/\/wordpress.nibis.de\/gs-hoheneggelsen\/wp-json\/wp\/v2\/users\/9194419"}],"replies":[{"embeddable":true,"href":"https:\/\/wordpress.nibis.de\/gs-hoheneggelsen\/wp-json\/wp\/v2\/comments?post=593"}],"version-history":[{"count":1,"href":"https:\/\/wordpress.nibis.de\/gs-hoheneggelsen\/wp-json\/wp\/v2\/posts\/593\/revisions"}],"predecessor-version":[{"id":595,"href":"https:\/\/wordpress.nibis.de\/gs-hoheneggelsen\/wp-json\/wp\/v2\/posts\/593\/revisions\/595"}],"wp:featuredmedia":[{"embeddable":true,"href":"https:\/\/wordpress.nibis.de\/gs-hoheneggelsen\/wp-json\/wp\/v2\/media\/48"}],"wp:attachment":[{"href":"https:\/\/wordpress.nibis.de\/gs-hoheneggelsen\/wp-json\/wp\/v2\/media?parent=593"}],"wp:term":[{"taxonomy":"category","embeddable":true,"href":"https:\/\/wordpress.nibis.de\/gs-hoheneggelsen\/wp-json\/wp\/v2\/categories?post=593"},{"taxonomy":"post_tag","embeddable":true,"href":"https:\/\/wordpress.nibis.de\/gs-hoheneggelsen\/wp-json\/wp\/v2\/tags?post=593"}],"curies":[{"name":"wp","href":"https:\/\/api.w.org\/{rel}","templated":true}]}}