{"id":1831,"date":"2017-10-28T18:56:07","date_gmt":"2017-10-28T17:56:07","guid":{"rendered":"http:\/\/wordpress.nibis.de\/gs-klint\/?p=1831"},"modified":"2019-02-06T14:40:47","modified_gmt":"2019-02-06T13:40:47","slug":"neue-abstellmoeglichkeit-fuer-cityroller-und-fahrraeder","status":"publish","type":"post","link":"https:\/\/wordpress.nibis.de\/gs-klint\/2017\/10\/28\/neue-abstellmoeglichkeit-fuer-cityroller-und-fahrraeder\/","title":{"rendered":"Neue Abstellm\u00f6glichkeit f\u00fcr Cityroller und Fahrr\u00e4der"},"content":{"rendered":"<p style=\"text-align: justify\">Die neuen Abstell- und Abschlie\u00dfm\u00f6glichkeiten f\u00fcr die Cityroller sind da!<\/p>\n<p style=\"text-align: justify\">Nach l\u00e4ngerer Planungszeit wurden im Oktober 2017 die neuen Metallb\u00fcgel direkt vor dem Schulhaupteingang montiert.<\/p>\n<p style=\"text-align: justify\">Die Stadt Braunschweig hat diese Ma\u00dfnahme f\u00fcr unsere Grundschule gern umgesetzt<br \/>\n&#8211; vielen Dank daf\u00fcr.<\/p>\n<p><a href=\"http:\/\/wordpress.nibis.de\/gs-klint\/files\/WhatsApp-Image-2017-10-28-at-19.46.11.jpeg\"><img loading=\"lazy\" decoding=\"async\" class=\"alignnone size-medium wp-image-1832\" src=\"http:\/\/wordpress.nibis.de\/gs-klint\/files\/WhatsApp-Image-2017-10-28-at-19.46.11-300x225.jpeg\" alt=\"\" width=\"300\" height=\"225\" \/><\/a> <a href=\"http:\/\/wordpress.nibis.de\/gs-klint\/files\/WhatsApp-Image-2017-10-28-at-19.45.51.jpeg\"><img loading=\"lazy\" decoding=\"async\" class=\"alignnone size-medium wp-image-1833\" src=\"http:\/\/wordpress.nibis.de\/gs-klint\/files\/WhatsApp-Image-2017-10-28-at-19.45.51-300x225.jpeg\" alt=\"\" width=\"300\" height=\"225\" srcset=\"https:\/\/wordpress.nibis.de\/gs-klint\/files\/WhatsApp-Image-2017-10-28-at-19.45.51-300x225.jpeg 300w, https:\/\/wordpress.nibis.de\/gs-klint\/files\/WhatsApp-Image-2017-10-28-at-19.45.51-768x576.jpeg 768w, https:\/\/wordpress.nibis.de\/gs-klint\/files\/WhatsApp-Image-2017-10-28-at-19.45.51-1024x768.jpeg 1024w, https:\/\/wordpress.nibis.de\/gs-klint\/files\/WhatsApp-Image-2017-10-28-at-19.45.51.jpeg 1032w\" sizes=\"auto, (max-width: 300px) 100vw, 300px\" \/><\/a><\/p>\n","protected":false},"excerpt":{"rendered":"<p>Die neuen Abstell- und Abschlie\u00dfm\u00f6glichkeiten f\u00fcr die Cityroller sind da! Nach l\u00e4ngerer Planungszeit wurden im Oktober 2017 die neuen Metallb\u00fcgel direkt vor dem Schulhaupteingang montiert. Die Stadt Braunschweig hat diese Ma\u00dfnahme f\u00fcr unsere Grundschule gern umgesetzt &#8211; vielen Dank daf\u00fcr.<\/p>\n","protected":false},"author":9192438,"featured_media":0,"comment_status":"closed","ping_status":"closed","sticky":false,"template":"","format":"standard","meta":{"footnotes":""},"categories":[1],"tags":[],"class_list":["post-1831","post","type-post","status-publish","format-standard","hentry","category-allgemein"],"_links":{"self":[{"href":"https:\/\/wordpress.nibis.de\/gs-klint\/wp-json\/wp\/v2\/posts\/1831","targetHints":{"allow":["GET"]}}],"collection":[{"href":"https:\/\/wordpress.nibis.de\/gs-klint\/wp-json\/wp\/v2\/posts"}],"about":[{"href":"https:\/\/wordpress.nibis.de\/gs-klint\/wp-json\/wp\/v2\/types\/post"}],"author":[{"embeddable":true,"href":"https:\/\/wordpress.nibis.de\/gs-klint\/wp-json\/wp\/v2\/users\/9192438"}],"replies":[{"embeddable":true,"href":"https:\/\/wordpress.nibis.de\/gs-klint\/wp-json\/wp\/v2\/comments?post=1831"}],"version-history":[{"count":5,"href":"https:\/\/wordpress.nibis.de\/gs-klint\/wp-json\/wp\/v2\/posts\/1831\/revisions"}],"predecessor-version":[{"id":2466,"href":"https:\/\/wordpress.nibis.de\/gs-klint\/wp-json\/wp\/v2\/posts\/1831\/revisions\/2466"}],"wp:attachment":[{"href":"https:\/\/wordpress.nibis.de\/gs-klint\/wp-json\/wp\/v2\/media?parent=1831"}],"wp:term":[{"taxonomy":"category","embeddable":true,"href":"https:\/\/wordpress.nibis.de\/gs-klint\/wp-json\/wp\/v2\/categories?post=1831"},{"taxonomy":"post_tag","embeddable":true,"href":"https:\/\/wordpress.nibis.de\/gs-klint\/wp-json\/wp\/v2\/tags?post=1831"}],"curies":[{"name":"wp","href":"https:\/\/api.w.org\/{rel}","templated":true}]}}