{"id":1927,"date":"2017-09-30T18:46:04","date_gmt":"2017-09-30T17:46:04","guid":{"rendered":"http:\/\/wordpress.nibis.de\/gs-klint\/?p=1927"},"modified":"2017-10-31T19:56:39","modified_gmt":"2017-10-31T18:56:39","slug":"weltkindertag","status":"publish","type":"post","link":"https:\/\/wordpress.nibis.de\/gs-klint\/2017\/09\/30\/weltkindertag\/","title":{"rendered":"Weltkindertag"},"content":{"rendered":"<p style=\"text-align: left\">&#8222;Kindern eine Stimme geben&#8220; &#8211; unter diesem Motto fand am 20. September eine Aktion im Rahmen des Weltkindertags statt.<\/p>\n<p>Einige Klassen der Grundschule Klint waren Teil des l\u00e4ngsten Bildes Braunschweigs, das auf dem Platz der Deutschen Einheit pr\u00e4sentiert wurde und insgesamt eine L\u00e4nge von etwa 120 Metern misst.<\/p>\n<div id='gallery-1' class='gallery galleryid-1927 gallery-columns-4 gallery-size-thumbnail'><figure class='gallery-item'>\n\t\t\t<div class='gallery-icon landscape'>\n\t\t\t\t<a href='https:\/\/wordpress.nibis.de\/gs-klint\/2017\/09\/30\/weltkindertag\/whatsapp-image-2017-10-31-at-18-44-321\/'><img loading=\"lazy\" decoding=\"async\" width=\"141\" height=\"141\" src=\"https:\/\/wordpress.nibis.de\/gs-klint\/files\/WhatsApp-Image-2017-10-31-at-18.44.321-150x150.jpeg\" class=\"attachment-thumbnail size-thumbnail\" alt=\"\" \/><\/a>\n\t\t\t<\/div><\/figure><figure class='gallery-item'>\n\t\t\t<div class='gallery-icon portrait'>\n\t\t\t\t<a href='https:\/\/wordpress.nibis.de\/gs-klint\/2017\/09\/30\/weltkindertag\/whatsapp-image-2017-10-31-at-18-44-322\/'><img loading=\"lazy\" decoding=\"async\" width=\"141\" height=\"141\" src=\"https:\/\/wordpress.nibis.de\/gs-klint\/files\/WhatsApp-Image-2017-10-31-at-18.44.322-150x150.jpeg\" class=\"attachment-thumbnail size-thumbnail\" alt=\"\" \/><\/a>\n\t\t\t<\/div><\/figure><figure class='gallery-item'>\n\t\t\t<div class='gallery-icon portrait'>\n\t\t\t\t<a href='https:\/\/wordpress.nibis.de\/gs-klint\/2017\/09\/30\/weltkindertag\/whatsapp-image-2017-10-31-at-18-44-32\/'><img loading=\"lazy\" decoding=\"async\" width=\"141\" height=\"141\" src=\"https:\/\/wordpress.nibis.de\/gs-klint\/files\/WhatsApp-Image-2017-10-31-at-18.44.32-150x150.jpeg\" class=\"attachment-thumbnail size-thumbnail\" alt=\"\" \/><\/a>\n\t\t\t<\/div><\/figure>\n\t\t<\/div>\n\n<p>&nbsp;<\/p>\n<p><strong><a href=\"https:\/\/www.news38.de\/braunschweig\/article211983743\/Welt-Kindertag-Das-groesste-Bild-Braunschweigs.html\">Hier geht es zu den Videos von &#8222;news 38&#8220;<\/a><\/strong><\/p>\n<p><strong><a href=\"https:\/\/www.unicef.de\/mitmachen\/ehrenamtlich-aktiv\/-\/arbeitsgruppe-braunschweig\/weltkindertag-vor-dem-braunschweiger-rathaus\/149822\">Hier finden Sie weitere Informationen zum Weltkindertag in Braunschweig<\/a><\/strong><\/p>\n<p><a href=\"https:\/\/www.unicef.de\/informieren\/ueber-uns\/fuer-kinderrechte\/weltkindertag\"><strong>Hier finden Sie weitere Informationen zum Weltkindertag<\/strong><\/a><\/p>\n","protected":false},"excerpt":{"rendered":"<p>&#8222;Kindern eine Stimme geben&#8220; &#8211; unter diesem Motto fand am 20. September eine Aktion im Rahmen des Weltkindertags statt. Einige Klassen der Grundschule Klint waren Teil des l\u00e4ngsten Bildes Braunschweigs, das auf dem Platz der Deutschen Einheit pr\u00e4sentiert wurde und insgesamt eine L\u00e4nge von etwa 120 Metern misst. &nbsp; Hier geht es zu den Videos &hellip; <a href=\"https:\/\/wordpress.nibis.de\/gs-klint\/2017\/09\/30\/weltkindertag\/\" class=\"more-link\"><span class=\"screen-reader-text\">Weltkindertag<\/span> weiterlesen <span class=\"meta-nav\">&rarr;<\/span><\/a><\/p>\n","protected":false},"author":9192438,"featured_media":0,"comment_status":"closed","ping_status":"closed","sticky":false,"template":"","format":"standard","meta":{"footnotes":""},"categories":[1],"tags":[],"class_list":["post-1927","post","type-post","status-publish","format-standard","hentry","category-allgemein"],"_links":{"self":[{"href":"https:\/\/wordpress.nibis.de\/gs-klint\/wp-json\/wp\/v2\/posts\/1927","targetHints":{"allow":["GET"]}}],"collection":[{"href":"https:\/\/wordpress.nibis.de\/gs-klint\/wp-json\/wp\/v2\/posts"}],"about":[{"href":"https:\/\/wordpress.nibis.de\/gs-klint\/wp-json\/wp\/v2\/types\/post"}],"author":[{"embeddable":true,"href":"https:\/\/wordpress.nibis.de\/gs-klint\/wp-json\/wp\/v2\/users\/9192438"}],"replies":[{"embeddable":true,"href":"https:\/\/wordpress.nibis.de\/gs-klint\/wp-json\/wp\/v2\/comments?post=1927"}],"version-history":[{"count":3,"href":"https:\/\/wordpress.nibis.de\/gs-klint\/wp-json\/wp\/v2\/posts\/1927\/revisions"}],"predecessor-version":[{"id":1934,"href":"https:\/\/wordpress.nibis.de\/gs-klint\/wp-json\/wp\/v2\/posts\/1927\/revisions\/1934"}],"wp:attachment":[{"href":"https:\/\/wordpress.nibis.de\/gs-klint\/wp-json\/wp\/v2\/media?parent=1927"}],"wp:term":[{"taxonomy":"category","embeddable":true,"href":"https:\/\/wordpress.nibis.de\/gs-klint\/wp-json\/wp\/v2\/categories?post=1927"},{"taxonomy":"post_tag","embeddable":true,"href":"https:\/\/wordpress.nibis.de\/gs-klint\/wp-json\/wp\/v2\/tags?post=1927"}],"curies":[{"name":"wp","href":"https:\/\/api.w.org\/{rel}","templated":true}]}}