{"id":1968,"date":"2017-11-19T15:58:28","date_gmt":"2017-11-19T14:58:28","guid":{"rendered":"http:\/\/wordpress.nibis.de\/gs-klint\/?p=1968"},"modified":"2019-02-06T14:41:01","modified_gmt":"2019-02-06T13:41:01","slug":"hochbeete-im-schulgarten","status":"publish","type":"post","link":"https:\/\/wordpress.nibis.de\/gs-klint\/2017\/11\/19\/hochbeete-im-schulgarten\/","title":{"rendered":"Hochbeete im Schulgarten"},"content":{"rendered":"<p style=\"text-align: justify\">Am Samstag, den 18. November 2017 haben Frau Goros, Frau Walter, einige Eltern und Sch\u00fcler zwei\u00a0Hochbeete gebaut.<br \/>\nDie Hochbeete sind mit Gartenabf\u00e4llen, einer durchl\u00e4ssigen Vliesschicht und Erde bef\u00fcllt. \u00dcber den Winter wird alles noch etwas absacken. Vor der Bepflanzung im Fr\u00fchjahr wird frische Erde aufgef\u00fcllt.<\/p>\n<p style=\"text-align: justify\">Herzlichen Dank f\u00fcr den tatkr\u00e4ftigen Einsatz!<\/p>\n<div id='gallery-1' class='gallery galleryid-1968 gallery-columns-2 gallery-size-thumbnail'><figure class='gallery-item'>\n\t\t\t<div class='gallery-icon landscape'>\n\t\t\t\t<a href='https:\/\/wordpress.nibis.de\/gs-klint\/2017\/11\/19\/hochbeete-im-schulgarten\/img_8380\/'><img loading=\"lazy\" decoding=\"async\" width=\"141\" height=\"141\" src=\"https:\/\/wordpress.nibis.de\/gs-klint\/files\/IMG_8380-150x150.jpg\" class=\"attachment-thumbnail size-thumbnail\" alt=\"\" \/><\/a>\n\t\t\t<\/div><\/figure><figure class='gallery-item'>\n\t\t\t<div class='gallery-icon landscape'>\n\t\t\t\t<a href='https:\/\/wordpress.nibis.de\/gs-klint\/2017\/11\/19\/hochbeete-im-schulgarten\/img_8379\/'><img loading=\"lazy\" decoding=\"async\" width=\"141\" height=\"141\" src=\"https:\/\/wordpress.nibis.de\/gs-klint\/files\/IMG_8379-150x150.jpg\" class=\"attachment-thumbnail size-thumbnail\" alt=\"\" \/><\/a>\n\t\t\t<\/div><\/figure><figure class='gallery-item'>\n\t\t\t<div class='gallery-icon landscape'>\n\t\t\t\t<a href='https:\/\/wordpress.nibis.de\/gs-klint\/2017\/11\/19\/hochbeete-im-schulgarten\/img_8386-2\/'><img loading=\"lazy\" decoding=\"async\" width=\"141\" height=\"141\" src=\"https:\/\/wordpress.nibis.de\/gs-klint\/files\/IMG_8386-1-150x150.jpg\" class=\"attachment-thumbnail size-thumbnail\" alt=\"\" \/><\/a>\n\t\t\t<\/div><\/figure><figure class='gallery-item'>\n\t\t\t<div class='gallery-icon landscape'>\n\t\t\t\t<a href='https:\/\/wordpress.nibis.de\/gs-klint\/2017\/11\/19\/hochbeete-im-schulgarten\/img_8384-2\/'><img loading=\"lazy\" decoding=\"async\" width=\"141\" height=\"141\" src=\"https:\/\/wordpress.nibis.de\/gs-klint\/files\/IMG_8384-1-150x150.jpg\" class=\"attachment-thumbnail size-thumbnail\" alt=\"\" \/><\/a>\n\t\t\t<\/div><\/figure>\n\t\t<\/div>\n\n","protected":false},"excerpt":{"rendered":"<p>Am Samstag, den 18. November 2017 haben Frau Goros, Frau Walter, einige Eltern und Sch\u00fcler zwei\u00a0Hochbeete gebaut. Die Hochbeete sind mit Gartenabf\u00e4llen, einer durchl\u00e4ssigen Vliesschicht und Erde bef\u00fcllt. \u00dcber den Winter wird alles noch etwas absacken. Vor der Bepflanzung im Fr\u00fchjahr wird frische Erde aufgef\u00fcllt. Herzlichen Dank f\u00fcr den tatkr\u00e4ftigen Einsatz!<\/p>\n","protected":false},"author":9192438,"featured_media":0,"comment_status":"closed","ping_status":"closed","sticky":false,"template":"","format":"standard","meta":{"footnotes":""},"categories":[1],"tags":[],"class_list":["post-1968","post","type-post","status-publish","format-standard","hentry","category-allgemein"],"_links":{"self":[{"href":"https:\/\/wordpress.nibis.de\/gs-klint\/wp-json\/wp\/v2\/posts\/1968","targetHints":{"allow":["GET"]}}],"collection":[{"href":"https:\/\/wordpress.nibis.de\/gs-klint\/wp-json\/wp\/v2\/posts"}],"about":[{"href":"https:\/\/wordpress.nibis.de\/gs-klint\/wp-json\/wp\/v2\/types\/post"}],"author":[{"embeddable":true,"href":"https:\/\/wordpress.nibis.de\/gs-klint\/wp-json\/wp\/v2\/users\/9192438"}],"replies":[{"embeddable":true,"href":"https:\/\/wordpress.nibis.de\/gs-klint\/wp-json\/wp\/v2\/comments?post=1968"}],"version-history":[{"count":9,"href":"https:\/\/wordpress.nibis.de\/gs-klint\/wp-json\/wp\/v2\/posts\/1968\/revisions"}],"predecessor-version":[{"id":2467,"href":"https:\/\/wordpress.nibis.de\/gs-klint\/wp-json\/wp\/v2\/posts\/1968\/revisions\/2467"}],"wp:attachment":[{"href":"https:\/\/wordpress.nibis.de\/gs-klint\/wp-json\/wp\/v2\/media?parent=1968"}],"wp:term":[{"taxonomy":"category","embeddable":true,"href":"https:\/\/wordpress.nibis.de\/gs-klint\/wp-json\/wp\/v2\/categories?post=1968"},{"taxonomy":"post_tag","embeddable":true,"href":"https:\/\/wordpress.nibis.de\/gs-klint\/wp-json\/wp\/v2\/tags?post=1968"}],"curies":[{"name":"wp","href":"https:\/\/api.w.org\/{rel}","templated":true}]}}