{"id":2059,"date":"2018-01-20T14:27:35","date_gmt":"2018-01-20T13:27:35","guid":{"rendered":"http:\/\/wordpress.nibis.de\/gs-klint\/?p=2059"},"modified":"2018-01-20T14:30:40","modified_gmt":"2018-01-20T13:30:40","slug":"die-neue-kueche-in-der-gruppe-orange","status":"publish","type":"post","link":"https:\/\/wordpress.nibis.de\/gs-klint\/2018\/01\/20\/die-neue-kueche-in-der-gruppe-orange\/","title":{"rendered":"Die neue K\u00fcche in der Gruppe orange"},"content":{"rendered":"<p style=\"text-align: center\"><strong>Er\u00f6ffnung des neuen Mittagessen-Raumes in der Gruppe orange<br \/>\n<\/strong><\/p>\n<p style=\"text-align: center\"><a href=\"http:\/\/wordpress.nibis.de\/gs-klint\/files\/K\u00fcche-in-der-Gruppe-orange.jpeg\"><img loading=\"lazy\" decoding=\"async\" class=\"alignnone size-medium wp-image-2062\" src=\"http:\/\/wordpress.nibis.de\/gs-klint\/files\/K\u00fcche-in-der-Gruppe-orange-300x225.jpeg\" alt=\"\" width=\"300\" height=\"225\" \/><\/a><\/p>\n<p style=\"text-align: center\">Die Einrichtung und Installation der neuen K\u00fcche in der Gruppe orange sorgt f\u00fcr eine Entlastung der Schulmensa. Seit dem 15. Januar 2018 nehmen die Kinder der Gruppe gemeinsam ihr Mittagessen\u00a0 ein.<\/p>\n<p>&nbsp;<\/p>\n","protected":false},"excerpt":{"rendered":"<p>Er\u00f6ffnung des neuen Mittagessen-Raumes in der Gruppe orange Die Einrichtung und Installation der neuen K\u00fcche in der Gruppe orange sorgt f\u00fcr eine Entlastung der Schulmensa. Seit dem 15. Januar 2018 nehmen die Kinder der Gruppe gemeinsam ihr Mittagessen\u00a0 ein. &nbsp;<\/p>\n","protected":false},"author":9192438,"featured_media":0,"comment_status":"closed","ping_status":"closed","sticky":false,"template":"","format":"standard","meta":{"footnotes":""},"categories":[1],"tags":[],"class_list":["post-2059","post","type-post","status-publish","format-standard","hentry","category-allgemein"],"_links":{"self":[{"href":"https:\/\/wordpress.nibis.de\/gs-klint\/wp-json\/wp\/v2\/posts\/2059","targetHints":{"allow":["GET"]}}],"collection":[{"href":"https:\/\/wordpress.nibis.de\/gs-klint\/wp-json\/wp\/v2\/posts"}],"about":[{"href":"https:\/\/wordpress.nibis.de\/gs-klint\/wp-json\/wp\/v2\/types\/post"}],"author":[{"embeddable":true,"href":"https:\/\/wordpress.nibis.de\/gs-klint\/wp-json\/wp\/v2\/users\/9192438"}],"replies":[{"embeddable":true,"href":"https:\/\/wordpress.nibis.de\/gs-klint\/wp-json\/wp\/v2\/comments?post=2059"}],"version-history":[{"count":4,"href":"https:\/\/wordpress.nibis.de\/gs-klint\/wp-json\/wp\/v2\/posts\/2059\/revisions"}],"predecessor-version":[{"id":2065,"href":"https:\/\/wordpress.nibis.de\/gs-klint\/wp-json\/wp\/v2\/posts\/2059\/revisions\/2065"}],"wp:attachment":[{"href":"https:\/\/wordpress.nibis.de\/gs-klint\/wp-json\/wp\/v2\/media?parent=2059"}],"wp:term":[{"taxonomy":"category","embeddable":true,"href":"https:\/\/wordpress.nibis.de\/gs-klint\/wp-json\/wp\/v2\/categories?post=2059"},{"taxonomy":"post_tag","embeddable":true,"href":"https:\/\/wordpress.nibis.de\/gs-klint\/wp-json\/wp\/v2\/tags?post=2059"}],"curies":[{"name":"wp","href":"https:\/\/api.w.org\/{rel}","templated":true}]}}