{"id":2209,"date":"2018-06-01T18:30:56","date_gmt":"2018-06-01T17:30:56","guid":{"rendered":"http:\/\/wordpress.nibis.de\/gs-klint\/?p=2209"},"modified":"2019-02-06T14:38:07","modified_gmt":"2019-02-06T13:38:07","slug":"klasse-wir-singen-2","status":"publish","type":"post","link":"https:\/\/wordpress.nibis.de\/gs-klint\/2018\/06\/01\/klasse-wir-singen-2\/","title":{"rendered":"Klasse! Wir singen"},"content":{"rendered":"<p style=\"text-align: justify\">Am Sonntag, den 27. Mai 2018 haben alle Sch\u00fcler und Lehrer der Grundschule Klint in der VW Halle am gro\u00dfen Liederfest teilgenommen und gemeinsam mit vielen Kindern anderer Schulen gesungen. Es hat allen viel Spa\u00df bereitet, die zuvor einge\u00fcbten Lieder zu pr\u00e4sentieren.<\/p>\n<p><strong>Herzlichen Dank f\u00fcr die tolle Organisation!<\/strong><\/p>\n<p><a href=\"https:\/\/www.news38.de\/braunschweig\/article212514221\/Klasse-Wir-singen-bekommt-Kulturpreis.html\"><strong>Zum Bericht auf news38<\/strong><\/a><\/p>\n<p><strong><a href=\"https:\/\/www.klasse-wir-singen.de\/\">Klasse! Wir singen<\/a><\/strong><\/p>\n<div id='gallery-1' class='gallery galleryid-2209 gallery-columns-3 gallery-size-thumbnail'><figure class='gallery-item'>\n\t\t\t<div class='gallery-icon portrait'>\n\t\t\t\t<a href='https:\/\/wordpress.nibis.de\/gs-klint\/2018\/06\/01\/klasse-wir-singen-2\/whatsapp-image-2018-06-01-at-19-23-311\/'><img loading=\"lazy\" decoding=\"async\" width=\"141\" height=\"141\" src=\"https:\/\/wordpress.nibis.de\/gs-klint\/files\/WhatsApp-Image-2018-06-01-at-19.23.311-150x150.jpeg\" class=\"attachment-thumbnail size-thumbnail\" alt=\"\" \/><\/a>\n\t\t\t<\/div><\/figure><figure class='gallery-item'>\n\t\t\t<div class='gallery-icon landscape'>\n\t\t\t\t<a href='https:\/\/wordpress.nibis.de\/gs-klint\/2018\/06\/01\/klasse-wir-singen-2\/whatsapp-image-2018-06-01-at-19-23-34\/'><img loading=\"lazy\" decoding=\"async\" width=\"141\" height=\"141\" src=\"https:\/\/wordpress.nibis.de\/gs-klint\/files\/WhatsApp-Image-2018-06-01-at-19.23.34-150x150.jpeg\" class=\"attachment-thumbnail size-thumbnail\" alt=\"\" \/><\/a>\n\t\t\t<\/div><\/figure>\n\t\t<\/div>\n\n<p>&nbsp;<\/p>\n","protected":false},"excerpt":{"rendered":"<p>Am Sonntag, den 27. Mai 2018 haben alle Sch\u00fcler und Lehrer der Grundschule Klint in der VW Halle am gro\u00dfen Liederfest teilgenommen und gemeinsam mit vielen Kindern anderer Schulen gesungen. Es hat allen viel Spa\u00df bereitet, die zuvor einge\u00fcbten Lieder zu pr\u00e4sentieren. Herzlichen Dank f\u00fcr die tolle Organisation! Zum Bericht auf news38 Klasse! Wir singen &hellip; <a href=\"https:\/\/wordpress.nibis.de\/gs-klint\/2018\/06\/01\/klasse-wir-singen-2\/\" class=\"more-link\"><span class=\"screen-reader-text\">Klasse! Wir singen<\/span> weiterlesen <span class=\"meta-nav\">&rarr;<\/span><\/a><\/p>\n","protected":false},"author":9192438,"featured_media":0,"comment_status":"closed","ping_status":"closed","sticky":false,"template":"","format":"standard","meta":{"footnotes":""},"categories":[1],"tags":[],"class_list":["post-2209","post","type-post","status-publish","format-standard","hentry","category-allgemein"],"_links":{"self":[{"href":"https:\/\/wordpress.nibis.de\/gs-klint\/wp-json\/wp\/v2\/posts\/2209","targetHints":{"allow":["GET"]}}],"collection":[{"href":"https:\/\/wordpress.nibis.de\/gs-klint\/wp-json\/wp\/v2\/posts"}],"about":[{"href":"https:\/\/wordpress.nibis.de\/gs-klint\/wp-json\/wp\/v2\/types\/post"}],"author":[{"embeddable":true,"href":"https:\/\/wordpress.nibis.de\/gs-klint\/wp-json\/wp\/v2\/users\/9192438"}],"replies":[{"embeddable":true,"href":"https:\/\/wordpress.nibis.de\/gs-klint\/wp-json\/wp\/v2\/comments?post=2209"}],"version-history":[{"count":9,"href":"https:\/\/wordpress.nibis.de\/gs-klint\/wp-json\/wp\/v2\/posts\/2209\/revisions"}],"predecessor-version":[{"id":2457,"href":"https:\/\/wordpress.nibis.de\/gs-klint\/wp-json\/wp\/v2\/posts\/2209\/revisions\/2457"}],"wp:attachment":[{"href":"https:\/\/wordpress.nibis.de\/gs-klint\/wp-json\/wp\/v2\/media?parent=2209"}],"wp:term":[{"taxonomy":"category","embeddable":true,"href":"https:\/\/wordpress.nibis.de\/gs-klint\/wp-json\/wp\/v2\/categories?post=2209"},{"taxonomy":"post_tag","embeddable":true,"href":"https:\/\/wordpress.nibis.de\/gs-klint\/wp-json\/wp\/v2\/tags?post=2209"}],"curies":[{"name":"wp","href":"https:\/\/api.w.org\/{rel}","templated":true}]}}