{"id":2872,"date":"2020-02-09T16:52:04","date_gmt":"2020-02-09T15:52:04","guid":{"rendered":"https:\/\/wordpress.nibis.de\/gs-klint\/?p=2872"},"modified":"2020-02-09T16:55:45","modified_gmt":"2020-02-09T15:55:45","slug":"neue-schulbuecherei","status":"publish","type":"post","link":"https:\/\/wordpress.nibis.de\/gs-klint\/2020\/02\/09\/neue-schulbuecherei\/","title":{"rendered":"Neue Schulb\u00fccherei"},"content":{"rendered":"<p>Unsere Schulb\u00fccherei erstrahlt in neuem Glanz. Der Grund daf\u00fcr sind die neuen M\u00f6bel, die durch die Einnahmen unseres Winterbasars finanziert werden konnten.<strong> Vielen Dank <\/strong>an die flei\u00dfigen Kinder, die ihre gebastelten Werke verkauft haben und die leckeren Kuchenspenden der Eltern.<\/p>\n<p><strong>Herzlichen Dank an den Schulverein f\u00fcr die gro\u00dfartige Unterst\u00fctzung!<\/strong><\/p>\n<div id='gallery-1' class='gallery galleryid-2872 gallery-columns-3 gallery-size-thumbnail'><figure class='gallery-item'>\n\t\t\t<div class='gallery-icon landscape'>\n\t\t\t\t<a href='https:\/\/wordpress.nibis.de\/gs-klint\/2020\/02\/09\/neue-schulbuecherei\/img-20200131-wa0007\/'><img loading=\"lazy\" decoding=\"async\" width=\"141\" height=\"141\" src=\"https:\/\/wordpress.nibis.de\/gs-klint\/files\/IMG-20200131-WA0007-150x150.jpg\" class=\"attachment-thumbnail size-thumbnail\" alt=\"\" \/><\/a>\n\t\t\t<\/div><\/figure><figure class='gallery-item'>\n\t\t\t<div class='gallery-icon landscape'>\n\t\t\t\t<a href='https:\/\/wordpress.nibis.de\/gs-klint\/2020\/02\/09\/neue-schulbuecherei\/img-20200131-wa0006\/'><img loading=\"lazy\" decoding=\"async\" width=\"141\" height=\"141\" src=\"https:\/\/wordpress.nibis.de\/gs-klint\/files\/IMG-20200131-WA0006-150x150.jpg\" class=\"attachment-thumbnail size-thumbnail\" alt=\"\" \/><\/a>\n\t\t\t<\/div><\/figure><figure class='gallery-item'>\n\t\t\t<div class='gallery-icon landscape'>\n\t\t\t\t<a href='https:\/\/wordpress.nibis.de\/gs-klint\/2020\/02\/09\/neue-schulbuecherei\/img-20200131-wa0005\/'><img loading=\"lazy\" decoding=\"async\" width=\"141\" height=\"141\" src=\"https:\/\/wordpress.nibis.de\/gs-klint\/files\/IMG-20200131-WA0005-150x150.jpg\" class=\"attachment-thumbnail size-thumbnail\" alt=\"\" \/><\/a>\n\t\t\t<\/div><\/figure><figure class='gallery-item'>\n\t\t\t<div class='gallery-icon landscape'>\n\t\t\t\t<a href='https:\/\/wordpress.nibis.de\/gs-klint\/2020\/02\/09\/neue-schulbuecherei\/img-20200131-wa0002\/'><img loading=\"lazy\" decoding=\"async\" width=\"141\" height=\"141\" src=\"https:\/\/wordpress.nibis.de\/gs-klint\/files\/IMG-20200131-WA0002-150x150.jpg\" class=\"attachment-thumbnail size-thumbnail\" alt=\"\" \/><\/a>\n\t\t\t<\/div><\/figure><figure class='gallery-item'>\n\t\t\t<div class='gallery-icon landscape'>\n\t\t\t\t<a href='https:\/\/wordpress.nibis.de\/gs-klint\/2020\/02\/09\/neue-schulbuecherei\/img-20200131-wa0001\/'><img loading=\"lazy\" decoding=\"async\" width=\"141\" height=\"141\" src=\"https:\/\/wordpress.nibis.de\/gs-klint\/files\/IMG-20200131-WA0001-150x150.jpg\" class=\"attachment-thumbnail size-thumbnail\" alt=\"\" \/><\/a>\n\t\t\t<\/div><\/figure>\n\t\t<\/div>\n\n<p>&nbsp;<\/p>\n<p>Die Kinder freuen sich \u00fcber die gem\u00fctliche Einrichtung.<\/p>\n<div id='gallery-2' class='gallery galleryid-2872 gallery-columns-3 gallery-size-thumbnail'><figure class='gallery-item'>\n\t\t\t<div class='gallery-icon landscape'>\n\t\t\t\t<a href='https:\/\/wordpress.nibis.de\/gs-klint\/2020\/02\/09\/neue-schulbuecherei\/img_20200130_142202\/'><img loading=\"lazy\" decoding=\"async\" width=\"141\" height=\"141\" src=\"https:\/\/wordpress.nibis.de\/gs-klint\/files\/IMG_20200130_142202-150x150.jpg\" class=\"attachment-thumbnail size-thumbnail\" alt=\"\" \/><\/a>\n\t\t\t<\/div><\/figure><figure class='gallery-item'>\n\t\t\t<div class='gallery-icon landscape'>\n\t\t\t\t<a href='https:\/\/wordpress.nibis.de\/gs-klint\/2020\/02\/09\/neue-schulbuecherei\/img_20200130_141910\/'><img loading=\"lazy\" decoding=\"async\" width=\"141\" height=\"141\" src=\"https:\/\/wordpress.nibis.de\/gs-klint\/files\/IMG_20200130_141910-150x150.jpg\" class=\"attachment-thumbnail size-thumbnail\" alt=\"\" \/><\/a>\n\t\t\t<\/div><\/figure><figure class='gallery-item'>\n\t\t\t<div class='gallery-icon landscape'>\n\t\t\t\t<a href='https:\/\/wordpress.nibis.de\/gs-klint\/2020\/02\/09\/neue-schulbuecherei\/img_20200130_141850\/'><img loading=\"lazy\" decoding=\"async\" width=\"141\" height=\"141\" src=\"https:\/\/wordpress.nibis.de\/gs-klint\/files\/IMG_20200130_141850-150x150.jpg\" class=\"attachment-thumbnail size-thumbnail\" alt=\"\" \/><\/a>\n\t\t\t<\/div><\/figure><figure class='gallery-item'>\n\t\t\t<div class='gallery-icon landscape'>\n\t\t\t\t<a href='https:\/\/wordpress.nibis.de\/gs-klint\/2020\/02\/09\/neue-schulbuecherei\/img_20200130_141539\/'><img loading=\"lazy\" decoding=\"async\" width=\"141\" height=\"141\" src=\"https:\/\/wordpress.nibis.de\/gs-klint\/files\/IMG_20200130_141539-150x150.jpg\" class=\"attachment-thumbnail size-thumbnail\" alt=\"\" \/><\/a>\n\t\t\t<\/div><\/figure><figure class='gallery-item'>\n\t\t\t<div class='gallery-icon landscape'>\n\t\t\t\t<a href='https:\/\/wordpress.nibis.de\/gs-klint\/2020\/02\/09\/neue-schulbuecherei\/img_20200130_141352\/'><img loading=\"lazy\" decoding=\"async\" width=\"141\" height=\"141\" src=\"https:\/\/wordpress.nibis.de\/gs-klint\/files\/IMG_20200130_141352-150x150.jpg\" class=\"attachment-thumbnail size-thumbnail\" alt=\"\" \/><\/a>\n\t\t\t<\/div><\/figure>\n\t\t<\/div>\n\n","protected":false},"excerpt":{"rendered":"<p>Unsere Schulb\u00fccherei erstrahlt in neuem Glanz. Der Grund daf\u00fcr sind die neuen M\u00f6bel, die durch die Einnahmen unseres Winterbasars finanziert werden konnten. Vielen Dank an die flei\u00dfigen Kinder, die ihre gebastelten Werke verkauft haben und die leckeren Kuchenspenden der Eltern. Herzlichen Dank an den Schulverein f\u00fcr die gro\u00dfartige Unterst\u00fctzung! &nbsp; Die Kinder freuen sich \u00fcber &hellip; <a href=\"https:\/\/wordpress.nibis.de\/gs-klint\/2020\/02\/09\/neue-schulbuecherei\/\" class=\"more-link\"><span class=\"screen-reader-text\">Neue Schulb\u00fccherei<\/span> weiterlesen <span class=\"meta-nav\">&rarr;<\/span><\/a><\/p>\n","protected":false},"author":9192438,"featured_media":0,"comment_status":"closed","ping_status":"closed","sticky":false,"template":"","format":"standard","meta":{"footnotes":""},"categories":[1],"tags":[],"class_list":["post-2872","post","type-post","status-publish","format-standard","hentry","category-allgemein"],"_links":{"self":[{"href":"https:\/\/wordpress.nibis.de\/gs-klint\/wp-json\/wp\/v2\/posts\/2872","targetHints":{"allow":["GET"]}}],"collection":[{"href":"https:\/\/wordpress.nibis.de\/gs-klint\/wp-json\/wp\/v2\/posts"}],"about":[{"href":"https:\/\/wordpress.nibis.de\/gs-klint\/wp-json\/wp\/v2\/types\/post"}],"author":[{"embeddable":true,"href":"https:\/\/wordpress.nibis.de\/gs-klint\/wp-json\/wp\/v2\/users\/9192438"}],"replies":[{"embeddable":true,"href":"https:\/\/wordpress.nibis.de\/gs-klint\/wp-json\/wp\/v2\/comments?post=2872"}],"version-history":[{"count":5,"href":"https:\/\/wordpress.nibis.de\/gs-klint\/wp-json\/wp\/v2\/posts\/2872\/revisions"}],"predecessor-version":[{"id":2892,"href":"https:\/\/wordpress.nibis.de\/gs-klint\/wp-json\/wp\/v2\/posts\/2872\/revisions\/2892"}],"wp:attachment":[{"href":"https:\/\/wordpress.nibis.de\/gs-klint\/wp-json\/wp\/v2\/media?parent=2872"}],"wp:term":[{"taxonomy":"category","embeddable":true,"href":"https:\/\/wordpress.nibis.de\/gs-klint\/wp-json\/wp\/v2\/categories?post=2872"},{"taxonomy":"post_tag","embeddable":true,"href":"https:\/\/wordpress.nibis.de\/gs-klint\/wp-json\/wp\/v2\/tags?post=2872"}],"curies":[{"name":"wp","href":"https:\/\/api.w.org\/{rel}","templated":true}]}}