{"id":3219,"date":"2021-08-28T11:21:46","date_gmt":"2021-08-28T10:21:46","guid":{"rendered":"https:\/\/wordpress.nibis.de\/gs-klint\/?p=3219"},"modified":"2022-06-21T15:37:51","modified_gmt":"2022-06-21T14:37:51","slug":"projekt-grundschule-klint-wird-umweltschule","status":"publish","type":"post","link":"https:\/\/wordpress.nibis.de\/gs-klint\/2021\/08\/28\/projekt-grundschule-klint-wird-umweltschule\/","title":{"rendered":"Tag des Schulgartens am Do 23. Juni 2022 &#8211; Grundschule Klint auf dem Weg zur Umweltschule"},"content":{"rendered":"<p>&nbsp;<\/p>\n<p><strong>Aktuell:\u00a0 Donnerstag 23. Juni 2022 von 15 &#8211; 17 Uhr <\/strong><\/p>\n<p><strong>&#8222;Tag des Schulgartens&#8220; mit Pr\u00e4sentationen von den Projekttagen <\/strong><\/p>\n<p><strong>auf dem Schulgel\u00e4nde unserer Grundschule Klint, <\/strong><\/p>\n<p>die nun offiziell mit dem Zertifikat <strong>&#8222;Umweltschule in Europa&#8220; <\/strong>ausgezeichnet wurde.<\/p>\n<p>&#8211;\u00a0 \u00a0 \u00a0&#8211;\u00a0 \u00a0 \u00a0&#8211;\u00a0 \u00a0 \u00a0&#8211;\u00a0 \u00a0 \u00a0&#8211;\u00a0 \u00a0 \u00a0&#8211;\u00a0 \u00a0 \u00a0&#8211;\u00a0 \u00a0 \u00a0 &#8211;\u00a0 \u00a0 \u00a0&#8211;\u00a0 \u00a0 \u00a0&#8211;\u00a0 \u00a0 \u00a0 &#8211;\u00a0 \u00a0 \u00a0&#8211;\u00a0 \u00a0 \u00a0&#8211;\u00a0 \u00a0 \u00a0&#8211;\u00a0 \u00a0 \u00a0&#8211;\u00a0 \u00a0 \u00a0&#8211;\u00a0 \u00a0 \u00a0&#8211;\u00a0 \u00a0 \u00a0&#8211;\u00a0 \u00a0 \u00a0&#8211;\u00a0 \u00a0 \u00a0&#8211;\u00a0 \u00a0 \u00a0&#8211;\u00a0 \u00a0 \u00a0&#8211;\u00a0 \u00a0 \u00a0&#8211;\u00a0 \u00a0 \u00a0&#8211;\u00a0 \u00a0 \u00a0&#8211;\u00a0 \u00a0 \u00a0&#8211;\u00a0 \u00a0 \u00a0&#8211;<\/p>\n<p>Unseren ersten &#8222;Tag des Schulgartens&#8220; hatten wir im Juni 2021 ausgerichtet. Dieser war gepr\u00e4gt von vielf\u00e4ltigen Projekten, M\u00f6glichkeiten des Gestaltens und voller Informationen rund um den nat\u00fcrlichen Lebensraum unserer Umgebung.<\/p>\n<p>Am Do 23. Juni 2022 folgt nun der n\u00e4chste &#8222;Tag des Schulgartens&#8220; und viele Lehrkr\u00e4fte bereiten sich mit ihrer Schulklasse hierauf vor. N\u00e4here Informationen erfahren Sie von unserer Lehrerin Frau Walter, die Klassenlehrerin oder \u00fcber die Schulkinder. Wir freuen uns auf einen erneut spannenden Tag und hier ein kleiner R\u00fcckblick auf 2021:<\/p>\n<p><a href=\"https:\/\/wordpress.nibis.de\/gs-klint\/files\/Impressionen-Tag-des-Schulgartens_im_Juni_2021.pdf\">Impressionen Tag des Schulgartens_im_Juni_2021<\/a><\/p>\n<p><a href=\"https:\/\/wordpress.nibis.de\/gs-klint\/files\/Bericht_Tag-des_Schulgartens_GS_Klint_Juni_2021.pdf\">Bericht_Tag des_Schulgartens_GS_Klint_Juni_2021<\/a><\/p>\n<p><a href=\"https:\/\/wordpress.nibis.de\/gs-klint\/files\/Schulgartentag_01-scaled.jpg\"><img loading=\"lazy\" decoding=\"async\" class=\"alignnone size-large wp-image-3312\" src=\"https:\/\/wordpress.nibis.de\/gs-klint\/files\/Schulgartentag_01-1024x683.jpg\" alt=\"\" width=\"604\" height=\"403\" srcset=\"https:\/\/wordpress.nibis.de\/gs-klint\/files\/Schulgartentag_01-1024x683.jpg 1024w, https:\/\/wordpress.nibis.de\/gs-klint\/files\/Schulgartentag_01-300x200.jpg 300w, https:\/\/wordpress.nibis.de\/gs-klint\/files\/Schulgartentag_01-768x512.jpg 768w, https:\/\/wordpress.nibis.de\/gs-klint\/files\/Schulgartentag_01-1536x1024.jpg 1536w, https:\/\/wordpress.nibis.de\/gs-klint\/files\/Schulgartentag_01-2048x1365.jpg 2048w\" sizes=\"auto, (max-width: 604px) 100vw, 604px\" \/><\/a><\/p>\n<p><a href=\"https:\/\/wordpress.nibis.de\/gs-klint\/files\/Schulgartentag_02.jpeg\"><img loading=\"lazy\" decoding=\"async\" class=\"alignnone size-full wp-image-3313\" src=\"https:\/\/wordpress.nibis.de\/gs-klint\/files\/Schulgartentag_02.jpeg\" alt=\"\" width=\"640\" height=\"480\" srcset=\"https:\/\/wordpress.nibis.de\/gs-klint\/files\/Schulgartentag_02.jpeg 640w, https:\/\/wordpress.nibis.de\/gs-klint\/files\/Schulgartentag_02-300x225.jpeg 300w\" sizes=\"auto, (max-width: 640px) 100vw, 640px\" \/><\/a><\/p>\n<p><a href=\"https:\/\/wordpress.nibis.de\/gs-klint\/files\/Schulgartentag_03.jpeg\"><img loading=\"lazy\" decoding=\"async\" class=\"alignnone size-full wp-image-3314\" src=\"https:\/\/wordpress.nibis.de\/gs-klint\/files\/Schulgartentag_03.jpeg\" alt=\"\" width=\"640\" height=\"480\" \/><\/a><\/p>\n<p><a href=\"https:\/\/wordpress.nibis.de\/gs-klint\/files\/Schulgartentag_04-scaled.jpg\"><img loading=\"lazy\" decoding=\"async\" class=\"alignnone size-large wp-image-3315\" src=\"https:\/\/wordpress.nibis.de\/gs-klint\/files\/Schulgartentag_04-1024x683.jpg\" alt=\"\" width=\"604\" height=\"403\" srcset=\"https:\/\/wordpress.nibis.de\/gs-klint\/files\/Schulgartentag_04-1024x683.jpg 1024w, https:\/\/wordpress.nibis.de\/gs-klint\/files\/Schulgartentag_04-300x200.jpg 300w, https:\/\/wordpress.nibis.de\/gs-klint\/files\/Schulgartentag_04-768x512.jpg 768w, https:\/\/wordpress.nibis.de\/gs-klint\/files\/Schulgartentag_04-1536x1024.jpg 1536w, https:\/\/wordpress.nibis.de\/gs-klint\/files\/Schulgartentag_04-2048x1365.jpg 2048w\" sizes=\"auto, (max-width: 604px) 100vw, 604px\" \/><\/a><\/p>\n<p><a href=\"https:\/\/wordpress.nibis.de\/gs-klint\/files\/Schulgartentag_05-scaled.jpg\"><img loading=\"lazy\" decoding=\"async\" class=\"alignnone size-large wp-image-3316\" src=\"https:\/\/wordpress.nibis.de\/gs-klint\/files\/Schulgartentag_05-1024x683.jpg\" alt=\"\" width=\"604\" height=\"403\" srcset=\"https:\/\/wordpress.nibis.de\/gs-klint\/files\/Schulgartentag_05-1024x683.jpg 1024w, https:\/\/wordpress.nibis.de\/gs-klint\/files\/Schulgartentag_05-300x200.jpg 300w, https:\/\/wordpress.nibis.de\/gs-klint\/files\/Schulgartentag_05-768x512.jpg 768w, https:\/\/wordpress.nibis.de\/gs-klint\/files\/Schulgartentag_05-1536x1024.jpg 1536w, https:\/\/wordpress.nibis.de\/gs-klint\/files\/Schulgartentag_05-2048x1365.jpg 2048w\" sizes=\"auto, (max-width: 604px) 100vw, 604px\" \/><\/a><\/p>\n<p>Die Grundschule Klint<\/p>\n<p>hat sich f\u00fcr die <strong>Zertifizierung zur \u201eUmweltschule\u201c<\/strong> erfolgreich beworben und befindet sich bis Ende 2022 im Zertifizierungsprozess zur \u201eUmweltschule\u201c mit folgenden zwei Handlungsfeldern:<\/p>\n<p><strong>Biologische Vielfalt\/ Biodiversit\u00e4t auf dem Schulgel\u00e4nde+ Schulgarten <\/strong><\/p>\n<p><strong>(Handlungsfeld 2)\u00a0 <\/strong>Projektleitung: Angela Walter<\/p>\n<p>&nbsp;<\/p>\n<p><strong>Partizipation\/Demokratie (Handlungsfeld 10)\u00a0 <\/strong>Projektleitung: Andrea Franke- B\u00f6ckmann<\/p>\n<p>Langfristiges Ziel ist es, beide Handlungsfelder zu vernetzen, \u00fcbergreifend zu thematisieren und im schuleigenen Arbeitsplan \u00fcber den Zertifizierungsprozess hinaus zu dokumentieren und weiter zu entwickeln.<\/p>\n<p>Geplant f\u00fcr diese zwei Jahre sind die Weiterf\u00fchrung und die Ausweitung bestehender Projekte im Unterricht und in Arbeitsgemeinschaften am Vor- und Nachmittag. Ebenso sind Projekte geplant mit externen Anbietern in der Schule bzw. an einem externen Lernort. Auch der Ganztag engagiert sich am Projekt, u.a. zum Beispiel mit Ferienaktionen.<\/p>\n<p>Im entstehenden \u201eArbeitskreis Umweltschule\u201c werden m\u00f6gliche neue Unterrichtsinhalte und Projekte gepr\u00fcft f\u00fcr die Thematisierung im Sachunterrichtes und f\u00e4cher\u00fcbergreifendem Unterricht. In einem weiteren Schritt werden die ausgew\u00e4hlten Inhalte in die Fachkonferenzen gegeben und dort deren Umsetzung er\u00f6rtert.<\/p>\n<p>Ein Projekt lebt von vielseitigen Ideen, deshalb m\u00f6chten wir auch gern ein bis zwei Eltern aus der Elternschaft ermutigen, im Arbeitskreis mitzuwirken.<\/p>\n<p>Freuen w\u00fcrden wir uns auch \u00fcber die Mitwirkung der Eltern an unserem Projekt bei aktuellen Aktionen: bei der NABU- Aktion \u201eVogel des Jahres 2021\u201c mit abzustimmen und bei der zus\u00e4tzlichen \u201eMedizini\u201c- Aktion seinen Lieblingsvogel zu malen und einzusenden (s. u. \u201eTermine\u201c).<\/p>\n<p>Im Mai 2021 veranstaltet \u201e<em>NABU<\/em>\u201c die weitere Aktion \u201eStunde der Gartenv\u00f6gel 2021\u201c.<\/p>\n<p>Aktuell hat uns die Info erreicht, dass trotz der Pandemie auch in diesem Jahr am 10.06.2021 zur Aktion \u201e<em>Tag des Schulgartens<\/em>\u201c aufgerufen wird. Gerade in dieser au\u00dfergew\u00f6hnlichen Zeit kann ein derartiges Ziel insbesondere f\u00fcr unsere Sch\u00fclerinnen und Sch\u00fcler von besonderer Wichtigkeit und Bedeutung sein.<\/p>\n<p>Auf unserer Schulhomepage (bzw. dem Schulpadlet\u201c Umweltschule\u201c) sollen k\u00fcnftig Informationen und Ank\u00fcndigungen zur \u201eUmweltschule\u201c erscheinen mit aktuellen Aktionen und Projekten in der Schule bzw. auch als freiwilliges Angebot f\u00fcr zu Hause.<\/p>\n<p>&nbsp;<\/p>\n<p>Wir freuen uns auf das gemeinsame Projekt \u201eUmweltschule\u201c f\u00fcr die Grundschule Klingt und danken an dieser Stelle allen Mitwirkenden und F\u00f6rderern, die das Projekt \u201eUmweltschule\u201c schon begonnen haben zu unterst\u00fctzen.<\/p>\n<p>Herzlichen Dank<\/p>\n<p>Andrea Franke- B\u00f6ckmann und Angela Walter im Namen aller Beteiligten<\/p>\n<p><strong>Termine:<\/strong><\/p>\n<p>05.03.2021<\/p>\n<p>Arbeitskreis \u201eUmweltschule\u201c Bekanntgabe Mitglieder<\/p>\n<p>05.03.2021<\/p>\n<p>Male deinen Lieblingsvogel: Zusatzaktion \u201eMedizini\u201c zum Vogel des Jahres<\/p>\n<p>Wort und Bild Verlag, Stichwort Lieblingsvogel, Postfach 702069, 81320 M\u00fcnchen<\/p>\n<p>KW 10\u00a0 \u00a0 \u00a0 \u00a0 \u00a0 \u00a0 \u00a0 \u00a0 \u00a0 \u00a0Termin Arbeitskreis \u201eUmweltschule\u201c<\/p>\n<p>19.03.2021\u00a0\u00a0\u00a0\u00a0\u00a0\u00a0\u00a0\u00a0 \u00a0\u00a0Endtermin Stimmabgabe \u201eVogel des Jahres\u201c<\/p>\n<p><a href=\"https:\/\/www.nabu.de\/tiere-und-pflanzen\/aktionen-und-projekte\/vogel-des-jahres\/wahl-2021\/29108.html\" target=\"_blank\" rel=\"noopener noreferrer\">Deutschland w\u00e4hlt den Vogel des Jahres 2021<\/a><\/p>\n<p>13.- 16.05.2021\u00a0\u00a0 \u00a0\u00a0Stunde der Gartenv\u00f6gel 2021<\/p>\n<p><a href=\"https:\/\/www.nabu.de\/tiere-und-pflanzen\/aktionen-und-projekte\/stunde-der-gartenvoegel\/index.html\" target=\"_blank\" rel=\"noopener noreferrer\">Mitmachen: Stunde der Gartenv\u00f6gel 2021 &#8211; NABU<\/a><\/p>\n<p>10.06. 2021\u00a0\u00a0\u00a0\u00a0\u00a0\u00a0\u00a0\u00a0\u00a0<strong>Tag des Schulgartens<\/strong> (Details zur Organisation\/ Durchf\u00fchrung folgen)<\/p>\n<p>siehe auch beigef\u00fcgter Flyer:\u00a0 \u00a0 <a href=\"https:\/\/wordpress.nibis.de\/gs-klint\/files\/Tag-des-Schulgartens_Faltblatt2021.pdf\">Tag des Schulgartens_Faltblatt2021<\/a><\/p>\n<p><a href=\"https:\/\/wordpress.nibis.de\/gs-klint\/files\/2021-02_Schulgarten01-scaled.jpg\"><img loading=\"lazy\" decoding=\"async\" class=\"alignnone size-large wp-image-3221\" src=\"https:\/\/wordpress.nibis.de\/gs-klint\/files\/2021-02_Schulgarten01-1024x768.jpg\" alt=\"\" width=\"604\" height=\"453\" srcset=\"https:\/\/wordpress.nibis.de\/gs-klint\/files\/2021-02_Schulgarten01-1024x768.jpg 1024w, https:\/\/wordpress.nibis.de\/gs-klint\/files\/2021-02_Schulgarten01-300x225.jpg 300w, https:\/\/wordpress.nibis.de\/gs-klint\/files\/2021-02_Schulgarten01-768x576.jpg 768w, https:\/\/wordpress.nibis.de\/gs-klint\/files\/2021-02_Schulgarten01-1536x1152.jpg 1536w, https:\/\/wordpress.nibis.de\/gs-klint\/files\/2021-02_Schulgarten01-2048x1536.jpg 2048w\" sizes=\"auto, (max-width: 604px) 100vw, 604px\" \/><\/a> <a href=\"https:\/\/wordpress.nibis.de\/gs-klint\/files\/2021-02_Schulgarten02-scaled.jpg\"><img loading=\"lazy\" decoding=\"async\" class=\"alignnone size-large wp-image-3222\" src=\"https:\/\/wordpress.nibis.de\/gs-klint\/files\/2021-02_Schulgarten02-768x1024.jpg\" alt=\"\" width=\"604\" height=\"805\" srcset=\"https:\/\/wordpress.nibis.de\/gs-klint\/files\/2021-02_Schulgarten02-768x1024.jpg 768w, https:\/\/wordpress.nibis.de\/gs-klint\/files\/2021-02_Schulgarten02-225x300.jpg 225w, https:\/\/wordpress.nibis.de\/gs-klint\/files\/2021-02_Schulgarten02-1152x1536.jpg 1152w, https:\/\/wordpress.nibis.de\/gs-klint\/files\/2021-02_Schulgarten02-1536x2048.jpg 1536w, https:\/\/wordpress.nibis.de\/gs-klint\/files\/2021-02_Schulgarten02-scaled.jpg 1920w\" sizes=\"auto, (max-width: 604px) 100vw, 604px\" \/><\/a> <a href=\"https:\/\/wordpress.nibis.de\/gs-klint\/files\/2021-02-Schulgarten03-scaled.jpg\"><img loading=\"lazy\" decoding=\"async\" class=\"alignnone size-large wp-image-3223\" src=\"https:\/\/wordpress.nibis.de\/gs-klint\/files\/2021-02-Schulgarten03-1024x768.jpg\" alt=\"\" width=\"604\" height=\"453\" srcset=\"https:\/\/wordpress.nibis.de\/gs-klint\/files\/2021-02-Schulgarten03-1024x768.jpg 1024w, https:\/\/wordpress.nibis.de\/gs-klint\/files\/2021-02-Schulgarten03-300x225.jpg 300w, https:\/\/wordpress.nibis.de\/gs-klint\/files\/2021-02-Schulgarten03-768x576.jpg 768w, https:\/\/wordpress.nibis.de\/gs-klint\/files\/2021-02-Schulgarten03-1536x1152.jpg 1536w, https:\/\/wordpress.nibis.de\/gs-klint\/files\/2021-02-Schulgarten03-2048x1536.jpg 2048w\" sizes=\"auto, (max-width: 604px) 100vw, 604px\" \/><\/a><\/p>\n<p>&nbsp;<\/p>\n<p>&nbsp;<\/p>\n<p>&nbsp;<\/p>\n<p>&nbsp;<\/p>\n<p>&nbsp;<\/p>\n","protected":false},"excerpt":{"rendered":"<p>&nbsp; Aktuell:\u00a0 Donnerstag 23. Juni 2022 von 15 &#8211; 17 Uhr &#8222;Tag des Schulgartens&#8220; mit Pr\u00e4sentationen von den Projekttagen auf dem Schulgel\u00e4nde unserer Grundschule Klint, die nun offiziell mit dem Zertifikat &#8222;Umweltschule in Europa&#8220; ausgezeichnet wurde. &#8211;\u00a0 \u00a0 \u00a0&#8211;\u00a0 \u00a0 \u00a0&#8211;\u00a0 \u00a0 \u00a0&#8211;\u00a0 \u00a0 \u00a0&#8211;\u00a0 \u00a0 \u00a0&#8211;\u00a0 \u00a0 \u00a0&#8211;\u00a0 \u00a0 \u00a0 &#8211;\u00a0 \u00a0 \u00a0&#8211;\u00a0 \u00a0 &hellip; <a href=\"https:\/\/wordpress.nibis.de\/gs-klint\/2021\/08\/28\/projekt-grundschule-klint-wird-umweltschule\/\" class=\"more-link\"><span class=\"screen-reader-text\">Tag des Schulgartens am Do 23. Juni 2022 &#8211; Grundschule Klint auf dem Weg zur Umweltschule<\/span> weiterlesen <span class=\"meta-nav\">&rarr;<\/span><\/a><\/p>\n","protected":false},"author":1305,"featured_media":0,"comment_status":"closed","ping_status":"closed","sticky":false,"template":"","format":"standard","meta":{"footnotes":""},"categories":[1],"tags":[],"class_list":["post-3219","post","type-post","status-publish","format-standard","hentry","category-allgemein"],"_links":{"self":[{"href":"https:\/\/wordpress.nibis.de\/gs-klint\/wp-json\/wp\/v2\/posts\/3219","targetHints":{"allow":["GET"]}}],"collection":[{"href":"https:\/\/wordpress.nibis.de\/gs-klint\/wp-json\/wp\/v2\/posts"}],"about":[{"href":"https:\/\/wordpress.nibis.de\/gs-klint\/wp-json\/wp\/v2\/types\/post"}],"author":[{"embeddable":true,"href":"https:\/\/wordpress.nibis.de\/gs-klint\/wp-json\/wp\/v2\/users\/1305"}],"replies":[{"embeddable":true,"href":"https:\/\/wordpress.nibis.de\/gs-klint\/wp-json\/wp\/v2\/comments?post=3219"}],"version-history":[{"count":20,"href":"https:\/\/wordpress.nibis.de\/gs-klint\/wp-json\/wp\/v2\/posts\/3219\/revisions"}],"predecessor-version":[{"id":3766,"href":"https:\/\/wordpress.nibis.de\/gs-klint\/wp-json\/wp\/v2\/posts\/3219\/revisions\/3766"}],"wp:attachment":[{"href":"https:\/\/wordpress.nibis.de\/gs-klint\/wp-json\/wp\/v2\/media?parent=3219"}],"wp:term":[{"taxonomy":"category","embeddable":true,"href":"https:\/\/wordpress.nibis.de\/gs-klint\/wp-json\/wp\/v2\/categories?post=3219"},{"taxonomy":"post_tag","embeddable":true,"href":"https:\/\/wordpress.nibis.de\/gs-klint\/wp-json\/wp\/v2\/tags?post=3219"}],"curies":[{"name":"wp","href":"https:\/\/api.w.org\/{rel}","templated":true}]}}