{"id":3255,"date":"2021-04-22T18:51:49","date_gmt":"2021-04-22T17:51:49","guid":{"rendered":"https:\/\/wordpress.nibis.de\/gs-klint\/?p=3255"},"modified":"2021-05-07T13:23:39","modified_gmt":"2021-05-07T12:23:39","slug":"die-neue-rutsche","status":"publish","type":"post","link":"https:\/\/wordpress.nibis.de\/gs-klint\/2021\/04\/22\/die-neue-rutsche\/","title":{"rendered":"Die neue Rutsche"},"content":{"rendered":"<div id='gallery-1' class='gallery galleryid-3255 gallery-columns-3 gallery-size-thumbnail'><figure class='gallery-item'>\n\t\t\t<div class='gallery-icon landscape'>\n\t\t\t\t<a href='https:\/\/wordpress.nibis.de\/gs-klint\/angebote-am-vormittag\/gs-klint_neue-rutsche-2021-04\/'><img loading=\"lazy\" decoding=\"async\" width=\"141\" height=\"141\" src=\"https:\/\/wordpress.nibis.de\/gs-klint\/files\/GS-Klint_neue-Rutsche-2021-04--150x150.jpg\" class=\"attachment-thumbnail size-thumbnail\" alt=\"\" \/><\/a>\n\t\t\t<\/div><\/figure>\n\t\t<\/div>\n\n<p>Mit gro\u00dfartiger Unterst\u00fctzung unseres Schulvereins haben wir im April 2021 unseren Schulhof mit einer neuen roten Rutsche erweitern k\u00f6nnen &#8211; allen unseren Schulkindern w\u00fcnschen wir nun noch mehr Freude an der Bewegung an der frischen Luft.<\/p>\n<p>Herzlichen Dank Frau Mekaj und allen Beteiligten der Schule und der Stadt Braunschweig!<\/p>\n","protected":false},"excerpt":{"rendered":"<p>Mit gro\u00dfartiger Unterst\u00fctzung unseres Schulvereins haben wir im April 2021 unseren Schulhof mit einer neuen roten Rutsche erweitern k\u00f6nnen &#8211; allen unseren Schulkindern w\u00fcnschen wir nun noch mehr Freude an der Bewegung an der frischen Luft. Herzlichen Dank Frau Mekaj und allen Beteiligten der Schule und der Stadt Braunschweig!<\/p>\n","protected":false},"author":9192438,"featured_media":0,"comment_status":"closed","ping_status":"closed","sticky":false,"template":"","format":"standard","meta":{"footnotes":""},"categories":[1],"tags":[],"class_list":["post-3255","post","type-post","status-publish","format-standard","hentry","category-allgemein"],"_links":{"self":[{"href":"https:\/\/wordpress.nibis.de\/gs-klint\/wp-json\/wp\/v2\/posts\/3255","targetHints":{"allow":["GET"]}}],"collection":[{"href":"https:\/\/wordpress.nibis.de\/gs-klint\/wp-json\/wp\/v2\/posts"}],"about":[{"href":"https:\/\/wordpress.nibis.de\/gs-klint\/wp-json\/wp\/v2\/types\/post"}],"author":[{"embeddable":true,"href":"https:\/\/wordpress.nibis.de\/gs-klint\/wp-json\/wp\/v2\/users\/9192438"}],"replies":[{"embeddable":true,"href":"https:\/\/wordpress.nibis.de\/gs-klint\/wp-json\/wp\/v2\/comments?post=3255"}],"version-history":[{"count":4,"href":"https:\/\/wordpress.nibis.de\/gs-klint\/wp-json\/wp\/v2\/posts\/3255\/revisions"}],"predecessor-version":[{"id":3277,"href":"https:\/\/wordpress.nibis.de\/gs-klint\/wp-json\/wp\/v2\/posts\/3255\/revisions\/3277"}],"wp:attachment":[{"href":"https:\/\/wordpress.nibis.de\/gs-klint\/wp-json\/wp\/v2\/media?parent=3255"}],"wp:term":[{"taxonomy":"category","embeddable":true,"href":"https:\/\/wordpress.nibis.de\/gs-klint\/wp-json\/wp\/v2\/categories?post=3255"},{"taxonomy":"post_tag","embeddable":true,"href":"https:\/\/wordpress.nibis.de\/gs-klint\/wp-json\/wp\/v2\/tags?post=3255"}],"curies":[{"name":"wp","href":"https:\/\/api.w.org\/{rel}","templated":true}]}}