{"id":3846,"date":"2023-02-04T21:16:36","date_gmt":"2023-02-04T20:16:36","guid":{"rendered":"https:\/\/wordpress.nibis.de\/gs-klint\/?p=3846"},"modified":"2023-02-04T22:42:21","modified_gmt":"2023-02-04T21:42:21","slug":"ortsentscheid-der-tischtennis-minimeisterschaften-am-20-01-202","status":"publish","type":"post","link":"https:\/\/wordpress.nibis.de\/gs-klint\/2023\/02\/04\/ortsentscheid-der-tischtennis-minimeisterschaften-am-20-01-202\/","title":{"rendered":"Ortsentscheid der Tischtennis- Minimeisterschaften am 20.01.2023"},"content":{"rendered":"<p style=\"text-align: left\"><strong>Nach 2 Jahren Corona-Zwangspause nun endlich wieder<\/strong><br \/>\n<strong>Tischtennis- Minimeisterschaften an der Grundschule Klint:<\/strong><br \/>\nAm 20.01.2023 richtete der RSV Braunschweig in Kooperation mit der Grundschule Klint zum 25. Mal die Tischtennis- Minimeisterschaften in der Sporthalle der Grundschule Klint aus.<br \/>\nAn diesem Ortsentscheid nahmen in diesem Jahr mit einer Rekordmeldung von 76 Jungen und M\u00e4dchen aus den 2., 3. und 4. Klassen in den Altersklassen 2010\/11, 2012\/13 und 2014\/15 teil.<br \/>\nSehr beeindruckend an dieser Veranstaltung war neben dem organisatorischen und sportlichen Aspekt die Teilnahme von Kinder aus ca. 15 unterschiedlichen Ursprungsl\u00e4ndern, u.a. aus Deutschland, Polen, T\u00fcrkei, Albanien, Griechenland, Kroatien, Tunesien, \u00c4thiopien, Algerien, Korea, China, Indien, USA\u2026<\/p>\n<div id='gallery-1' class='gallery galleryid-3846 gallery-columns-3 gallery-size-thumbnail'><figure class='gallery-item'>\n\t\t\t<div class='gallery-icon landscape'>\n\t\t\t\t<a href='https:\/\/wordpress.nibis.de\/gs-klint\/2023\/02\/04\/ortsentscheid-der-tischtennis-minimeisterschaften-am-20-01-202\/k-incollage_230120_wettkampf-jpg\/'><img loading=\"lazy\" decoding=\"async\" width=\"141\" height=\"141\" src=\"https:\/\/wordpress.nibis.de\/gs-klint\/files\/k-Incollage_230120_Wettkampf.jpg-150x150.jpg\" class=\"attachment-thumbnail size-thumbnail\" alt=\"\" srcset=\"https:\/\/wordpress.nibis.de\/gs-klint\/files\/k-Incollage_230120_Wettkampf.jpg-150x150.jpg 150w, https:\/\/wordpress.nibis.de\/gs-klint\/files\/k-Incollage_230120_Wettkampf.jpg-300x300.jpg 300w, https:\/\/wordpress.nibis.de\/gs-klint\/files\/k-Incollage_230120_Wettkampf.jpg.jpg 320w\" sizes=\"auto, (max-width: 141px) 100vw, 141px\" \/><\/a>\n\t\t\t<\/div><\/figure><figure class='gallery-item'>\n\t\t\t<div class='gallery-icon landscape'>\n\t\t\t\t<a href='https:\/\/wordpress.nibis.de\/gs-klint\/2023\/02\/04\/ortsentscheid-der-tischtennis-minimeisterschaften-am-20-01-202\/k-incollage_230120_tt_mini_hr-maedchen-1213_1415-pg\/'><img loading=\"lazy\" decoding=\"async\" width=\"141\" height=\"141\" src=\"https:\/\/wordpress.nibis.de\/gs-klint\/files\/k-Incollage_230120_TT_Mini_HR-Maedchen-1213_1415.pg_-150x150.jpg\" class=\"attachment-thumbnail size-thumbnail\" alt=\"\" srcset=\"https:\/\/wordpress.nibis.de\/gs-klint\/files\/k-Incollage_230120_TT_Mini_HR-Maedchen-1213_1415.pg_-150x150.jpg 150w, https:\/\/wordpress.nibis.de\/gs-klint\/files\/k-Incollage_230120_TT_Mini_HR-Maedchen-1213_1415.pg_-300x300.jpg 300w, https:\/\/wordpress.nibis.de\/gs-klint\/files\/k-Incollage_230120_TT_Mini_HR-Maedchen-1213_1415.pg_.jpg 320w\" sizes=\"auto, (max-width: 141px) 100vw, 141px\" \/><\/a>\n\t\t\t<\/div><\/figure><figure class='gallery-item'>\n\t\t\t<div class='gallery-icon landscape'>\n\t\t\t\t<a href='https:\/\/wordpress.nibis.de\/gs-klint\/2023\/02\/04\/ortsentscheid-der-tischtennis-minimeisterschaften-am-20-01-202\/k-incollage_230120_tt_mini_hr-jungen-1213_1415-jpg\/'><img loading=\"lazy\" decoding=\"async\" width=\"141\" height=\"141\" src=\"https:\/\/wordpress.nibis.de\/gs-klint\/files\/k-Incollage_230120_TT_Mini_HR-Jungen-1213_1415.jpg-150x150.jpg\" class=\"attachment-thumbnail size-thumbnail\" alt=\"\" srcset=\"https:\/\/wordpress.nibis.de\/gs-klint\/files\/k-Incollage_230120_TT_Mini_HR-Jungen-1213_1415.jpg-150x150.jpg 150w, https:\/\/wordpress.nibis.de\/gs-klint\/files\/k-Incollage_230120_TT_Mini_HR-Jungen-1213_1415.jpg-300x300.jpg 300w, https:\/\/wordpress.nibis.de\/gs-klint\/files\/k-Incollage_230120_TT_Mini_HR-Jungen-1213_1415.jpg.jpg 320w\" sizes=\"auto, (max-width: 141px) 100vw, 141px\" \/><\/a>\n\t\t\t<\/div><\/figure><figure class='gallery-item'>\n\t\t\t<div class='gallery-icon landscape'>\n\t\t\t\t<a href='https:\/\/wordpress.nibis.de\/gs-klint\/2023\/02\/04\/ortsentscheid-der-tischtennis-minimeisterschaften-am-20-01-202\/k-incollage_230120_tt_mini_eroeffnung-jpg\/'><img loading=\"lazy\" decoding=\"async\" width=\"141\" height=\"141\" src=\"https:\/\/wordpress.nibis.de\/gs-klint\/files\/k-Incollage_230120_TT_Mini_Eroeffnung.jpg-150x150.jpg\" class=\"attachment-thumbnail size-thumbnail\" alt=\"\" srcset=\"https:\/\/wordpress.nibis.de\/gs-klint\/files\/k-Incollage_230120_TT_Mini_Eroeffnung.jpg-150x150.jpg 150w, https:\/\/wordpress.nibis.de\/gs-klint\/files\/k-Incollage_230120_TT_Mini_Eroeffnung.jpg-300x300.jpg 300w, https:\/\/wordpress.nibis.de\/gs-klint\/files\/k-Incollage_230120_TT_Mini_Eroeffnung.jpg.jpg 320w\" sizes=\"auto, (max-width: 141px) 100vw, 141px\" \/><\/a>\n\t\t\t<\/div><\/figure><figure class='gallery-item'>\n\t\t\t<div class='gallery-icon landscape'>\n\t\t\t\t<a href='https:\/\/wordpress.nibis.de\/gs-klint\/2023\/02\/04\/ortsentscheid-der-tischtennis-minimeisterschaften-am-20-01-202\/k-incollage_230120_tt_mini_best-four-jpg\/'><img loading=\"lazy\" decoding=\"async\" width=\"141\" height=\"141\" src=\"https:\/\/wordpress.nibis.de\/gs-klint\/files\/k-Incollage_230120_TT_Mini_Best-four.jpg-150x150.jpg\" class=\"attachment-thumbnail size-thumbnail\" alt=\"\" srcset=\"https:\/\/wordpress.nibis.de\/gs-klint\/files\/k-Incollage_230120_TT_Mini_Best-four.jpg-150x150.jpg 150w, https:\/\/wordpress.nibis.de\/gs-klint\/files\/k-Incollage_230120_TT_Mini_Best-four.jpg-300x300.jpg 300w, https:\/\/wordpress.nibis.de\/gs-klint\/files\/k-Incollage_230120_TT_Mini_Best-four.jpg.jpg 320w\" sizes=\"auto, (max-width: 141px) 100vw, 141px\" \/><\/a>\n\t\t\t<\/div><\/figure>\n\t\t<\/div>\n\n","protected":false},"excerpt":{"rendered":"<p>Nach 2 Jahren Corona-Zwangspause nun endlich wieder Tischtennis- Minimeisterschaften an der Grundschule Klint: Am 20.01.2023 richtete der RSV Braunschweig in Kooperation mit der Grundschule Klint zum 25. Mal die Tischtennis- Minimeisterschaften in der Sporthalle der Grundschule Klint aus. An diesem Ortsentscheid nahmen in diesem Jahr mit einer Rekordmeldung von 76 Jungen und M\u00e4dchen aus den &hellip; <a href=\"https:\/\/wordpress.nibis.de\/gs-klint\/2023\/02\/04\/ortsentscheid-der-tischtennis-minimeisterschaften-am-20-01-202\/\" class=\"more-link\"><span class=\"screen-reader-text\">Ortsentscheid der Tischtennis- Minimeisterschaften am 20.01.2023<\/span> weiterlesen <span class=\"meta-nav\">&rarr;<\/span><\/a><\/p>\n","protected":false},"author":9192438,"featured_media":0,"comment_status":"closed","ping_status":"closed","sticky":false,"template":"","format":"standard","meta":{"footnotes":""},"categories":[1],"tags":[],"class_list":["post-3846","post","type-post","status-publish","format-standard","hentry","category-allgemein"],"_links":{"self":[{"href":"https:\/\/wordpress.nibis.de\/gs-klint\/wp-json\/wp\/v2\/posts\/3846","targetHints":{"allow":["GET"]}}],"collection":[{"href":"https:\/\/wordpress.nibis.de\/gs-klint\/wp-json\/wp\/v2\/posts"}],"about":[{"href":"https:\/\/wordpress.nibis.de\/gs-klint\/wp-json\/wp\/v2\/types\/post"}],"author":[{"embeddable":true,"href":"https:\/\/wordpress.nibis.de\/gs-klint\/wp-json\/wp\/v2\/users\/9192438"}],"replies":[{"embeddable":true,"href":"https:\/\/wordpress.nibis.de\/gs-klint\/wp-json\/wp\/v2\/comments?post=3846"}],"version-history":[{"count":6,"href":"https:\/\/wordpress.nibis.de\/gs-klint\/wp-json\/wp\/v2\/posts\/3846\/revisions"}],"predecessor-version":[{"id":3866,"href":"https:\/\/wordpress.nibis.de\/gs-klint\/wp-json\/wp\/v2\/posts\/3846\/revisions\/3866"}],"wp:attachment":[{"href":"https:\/\/wordpress.nibis.de\/gs-klint\/wp-json\/wp\/v2\/media?parent=3846"}],"wp:term":[{"taxonomy":"category","embeddable":true,"href":"https:\/\/wordpress.nibis.de\/gs-klint\/wp-json\/wp\/v2\/categories?post=3846"},{"taxonomy":"post_tag","embeddable":true,"href":"https:\/\/wordpress.nibis.de\/gs-klint\/wp-json\/wp\/v2\/tags?post=3846"}],"curies":[{"name":"wp","href":"https:\/\/api.w.org\/{rel}","templated":true}]}}